{"id":5641,"date":"2018-08-10T23:02:15","date_gmt":"2018-08-10T20:02:15","guid":{"rendered":"http:\/\/www.editiespecialapress.ro\/?p=5641"},"modified":"2018-08-10T23:02:15","modified_gmt":"2018-08-10T20:02:15","slug":"la-multi-ani-de-sfanta-maria-primaria-vedea-2","status":"publish","type":"post","link":"https:\/\/www.editiespecialapress.ro\/newtest\/2018\/08\/10\/la-multi-ani-de-sfanta-maria-primaria-vedea-2\/","title":{"rendered":"La Mul\u021bi Ani de Sf\u00e2nta Maria! &#8211; Prim\u0103ria Vedea"},"content":{"rendered":"<p>Fie ca toate \u00eent\u00e2mpl\u0103rile frumoase \u015fi spiritul acestei zile s\u0103 va \u00eenso\u0163easc\u0103 pretutindeni. V\u0103 dorim o zi de Sf\u00e2nta Maria c\u00e2t mai frumoas\u0103! \u00cengerii s\u0103 v\u0103 c\u0103l\u0103uzeasc\u0103 pa\u015fii \u015fi Sf\u00e2nta Fecioar\u0103 s\u0103 v\u0103 lumineze drumul \u00een via\u0163\u0103.\u00a0V\u0103 ur\u0103m s\u0103 ave\u021bi o zi a numelui la fel de luminoas\u0103 precum aripile unui fluture, la fel de fericit\u0103 precum c\u00e2ntecul privighetoarei \u015fi la fel de frumoas\u0103 precum o gr\u0103din\u0103 plin\u0103 cu flori. La mul\u021bi ani!<\/p>\n<p style=\"text-align: right;\"><strong> Prim\u0103ria Vedea (AG), <\/strong><\/p>\n<p style=\"text-align: right;\"><strong> Primar Dochinoiu Nicolae \u00eempreun\u0103 cu angaja\u021bii prim\u0103riei \u0219i Consiliul Local<\/strong><\/p>\n","protected":false},"excerpt":{"rendered":"<p>Fie ca toate \u00eent\u00e2mpl\u0103rile frumoase \u015fi spiritul acestei zile s\u0103 va \u00eenso\u0163easc\u0103 pretutindeni. V\u0103 dorim o zi de Sf\u00e2nta Maria c\u00e2t mai frumoas\u0103! \u00cengerii s\u0103 v\u0103 c\u0103l\u0103uzeasc\u0103 pa\u015fii \u015fi Sf\u00e2nta Fecioar\u0103 s\u0103 v\u0103 lumineze drumul \u00een via\u0163\u0103.\u00a0V\u0103 ur\u0103m s\u0103 ave\u021bi o zi a numelui la fel de luminoas\u0103 precum aripile unui fluture, la fel de [&hellip;]<\/p>\n","protected":false},"author":2,"featured_media":5642,"comment_status":"closed","ping_status":"open","sticky":false,"template":"","format":"standard","meta":{"footnotes":""},"categories":[4],"tags":[],"class_list":{"0":"post-5641","1":"post","2":"type-post","3":"status-publish","4":"format-standard","5":"has-post-thumbnail","7":"category-felicitari"},"_links":{"self":[{"href":"https:\/\/www.editiespecialapress.ro\/newtest\/wp-json\/wp\/v2\/posts\/5641","targetHints":{"allow":["GET"]}}],"collection":[{"href":"https:\/\/www.editiespecialapress.ro\/newtest\/wp-json\/wp\/v2\/posts"}],"about":[{"href":"https:\/\/www.editiespecialapress.ro\/newtest\/wp-json\/wp\/v2\/types\/post"}],"author":[{"embeddable":true,"href":"https:\/\/www.editiespecialapress.ro\/newtest\/wp-json\/wp\/v2\/users\/2"}],"replies":[{"embeddable":true,"href":"https:\/\/www.editiespecialapress.ro\/newtest\/wp-json\/wp\/v2\/comments?post=5641"}],"version-history":[{"count":0,"href":"https:\/\/www.editiespecialapress.ro\/newtest\/wp-json\/wp\/v2\/posts\/5641\/revisions"}],"wp:featuredmedia":[{"embeddable":true,"href":"https:\/\/www.editiespecialapress.ro\/newtest\/wp-json\/"}],"wp:attachment":[{"href":"https:\/\/www.editiespecialapress.ro\/newtest\/wp-json\/wp\/v2\/media?parent=5641"}],"wp:term":[{"taxonomy":"category","embeddable":true,"href":"https:\/\/www.editiespecialapress.ro\/newtest\/wp-json\/wp\/v2\/categories?post=5641"},{"taxonomy":"post_tag","embeddable":true,"href":"https:\/\/www.editiespecialapress.ro\/newtest\/wp-json\/wp\/v2\/tags?post=5641"}],"curies":[{"name":"wp","href":"https:\/\/api.w.org\/{rel}","templated":true}]}}