{"id":5644,"date":"2018-08-10T23:06:40","date_gmt":"2018-08-10T20:06:40","guid":{"rendered":"http:\/\/www.editiespecialapress.ro\/?p=5644"},"modified":"2018-08-10T23:06:40","modified_gmt":"2018-08-10T20:06:40","slug":"la-multi-ani-de-sfanta-maria-primaria-oarja","status":"publish","type":"post","link":"https:\/\/www.editiespecialapress.ro\/newtest\/2018\/08\/10\/la-multi-ani-de-sfanta-maria-primaria-oarja\/","title":{"rendered":"La Mul\u021bi Ani de Sf\u00e2nta Maria! &#8211; Prim\u0103ria Oarja"},"content":{"rendered":"<p>Fie ca din aceast\u0103 zi sf\u00e2nt\u0103, \u00een drumul lin al vie\u021bii voastre s\u0103 r\u0103sar\u0103 mereu c\u00e2te-o raz\u0103 de soare care s\u0103 v\u0103 aduc\u0103 fericire \u0219i bucurie. S\u0103 ave\u021bi o zi frumoas\u0103 \u0219i s\u0103 v\u0103 bucura\u021bi de numele pe care \u00eel purta\u021bi. S\u0103 fi\u021bi mereu ferici\u021bi, iubi\u021bi si bucuro\u0219i. \u00centocmai ca Fecioara Maria al c\u0103rei nume \u00eel purta\u021bi, \u00eenv\u0103\u021ba\u021bi s\u0103 ierta\u021bi, sa fi\u021bi mai buni \u0219i mai \u00een\u021belepti. La mul\u021bi ani de Sfanta Maria!<\/p>\n<p style=\"text-align: right;\"><strong> Prim\u0103ria Oarja (AG), <\/strong><\/p>\n<p style=\"text-align: right;\"><strong> Primar B\u00eelea Constantin \u00eempreun\u0103 cu angaja\u021bii prim\u0103riei \u0219i Consiliul Local<\/strong><\/p>\n","protected":false},"excerpt":{"rendered":"<p>Fie ca din aceast\u0103 zi sf\u00e2nt\u0103, \u00een drumul lin al vie\u021bii voastre s\u0103 r\u0103sar\u0103 mereu c\u00e2te-o raz\u0103 de soare care s\u0103 v\u0103 aduc\u0103 fericire \u0219i bucurie. S\u0103 ave\u021bi o zi frumoas\u0103 \u0219i s\u0103 v\u0103 bucura\u021bi de numele pe care \u00eel purta\u021bi. S\u0103 fi\u021bi mereu ferici\u021bi, iubi\u021bi si bucuro\u0219i. \u00centocmai ca Fecioara Maria al c\u0103rei nume [&hellip;]<\/p>\n","protected":false},"author":2,"featured_media":5645,"comment_status":"closed","ping_status":"open","sticky":false,"template":"","format":"standard","meta":{"footnotes":""},"categories":[4],"tags":[],"class_list":{"0":"post-5644","1":"post","2":"type-post","3":"status-publish","4":"format-standard","5":"has-post-thumbnail","7":"category-felicitari"},"_links":{"self":[{"href":"https:\/\/www.editiespecialapress.ro\/newtest\/wp-json\/wp\/v2\/posts\/5644","targetHints":{"allow":["GET"]}}],"collection":[{"href":"https:\/\/www.editiespecialapress.ro\/newtest\/wp-json\/wp\/v2\/posts"}],"about":[{"href":"https:\/\/www.editiespecialapress.ro\/newtest\/wp-json\/wp\/v2\/types\/post"}],"author":[{"embeddable":true,"href":"https:\/\/www.editiespecialapress.ro\/newtest\/wp-json\/wp\/v2\/users\/2"}],"replies":[{"embeddable":true,"href":"https:\/\/www.editiespecialapress.ro\/newtest\/wp-json\/wp\/v2\/comments?post=5644"}],"version-history":[{"count":0,"href":"https:\/\/www.editiespecialapress.ro\/newtest\/wp-json\/wp\/v2\/posts\/5644\/revisions"}],"wp:featuredmedia":[{"embeddable":true,"href":"https:\/\/www.editiespecialapress.ro\/newtest\/wp-json\/"}],"wp:attachment":[{"href":"https:\/\/www.editiespecialapress.ro\/newtest\/wp-json\/wp\/v2\/media?parent=5644"}],"wp:term":[{"taxonomy":"category","embeddable":true,"href":"https:\/\/www.editiespecialapress.ro\/newtest\/wp-json\/wp\/v2\/categories?post=5644"},{"taxonomy":"post_tag","embeddable":true,"href":"https:\/\/www.editiespecialapress.ro\/newtest\/wp-json\/wp\/v2\/tags?post=5644"}],"curies":[{"name":"wp","href":"https:\/\/api.w.org\/{rel}","templated":true}]}}