{"id":5647,"date":"2018-08-13T18:04:49","date_gmt":"2018-08-13T15:04:49","guid":{"rendered":"http:\/\/www.editiespecialapress.ro\/?p=5647"},"modified":"2018-08-13T18:04:49","modified_gmt":"2018-08-13T15:04:49","slug":"la-multi-ani-de-sfanta-maria-editie-speciala-press-4","status":"publish","type":"post","link":"https:\/\/www.editiespecialapress.ro\/newtest\/2018\/08\/13\/la-multi-ani-de-sfanta-maria-editie-speciala-press-4\/","title":{"rendered":"La Mul\u021bi Ani de Sf\u00e2nta Maria! &#8211; Edi\u021bie Special\u0103 Press"},"content":{"rendered":"<p>Cu ocazia s\u0103rb\u0103torii zilei de nume, primi\u0163i un c\u0103lduros \u201cLa mul\u0163i ani\u201d, mult\u0103 s\u0103n\u0103tate, multe realiz\u0103ri \u015fi tot ce v\u0103 dori\u0163i l\u00e2ng\u0103 cei dragi.\u00a0Fecioara Maria s\u0103 v\u0103 c\u0103l\u0103uzeasc\u0103 mereu \u015fi s\u0103 v\u0103 ajute s\u0103 \u00eenvinge\u021bi orice obstacol din via\u0163a voastr\u0103. La mul\u0163i ani! S\u0103 ave\u021bi parte numai de zile senine \u015fi \u00eensorite!<\/p>\n<p style=\"text-align: right;\"><strong>Edi\u021bie Special\u0103 Press, <\/strong><\/p>\n<p style=\"text-align: right;\"><strong>Director General Iulian Ratea \u00eempreun\u0103 cu \u00eentreaga redac\u021bie<\/strong><\/p>\n<p>&nbsp;<\/p>\n","protected":false},"excerpt":{"rendered":"<p>Cu ocazia s\u0103rb\u0103torii zilei de nume, primi\u0163i un c\u0103lduros \u201cLa mul\u0163i ani\u201d, mult\u0103 s\u0103n\u0103tate, multe realiz\u0103ri \u015fi tot ce v\u0103 dori\u0163i l\u00e2ng\u0103 cei dragi.\u00a0Fecioara Maria s\u0103 v\u0103 c\u0103l\u0103uzeasc\u0103 mereu \u015fi s\u0103 v\u0103 ajute s\u0103 \u00eenvinge\u021bi orice obstacol din via\u0163a voastr\u0103. La mul\u0163i ani! S\u0103 ave\u021bi parte numai de zile senine \u015fi \u00eensorite! Edi\u021bie Special\u0103 Press, [&hellip;]<\/p>\n","protected":false},"author":2,"featured_media":5648,"comment_status":"closed","ping_status":"open","sticky":false,"template":"","format":"standard","meta":{"footnotes":""},"categories":[4],"tags":[],"class_list":{"0":"post-5647","1":"post","2":"type-post","3":"status-publish","4":"format-standard","5":"has-post-thumbnail","7":"category-felicitari"},"_links":{"self":[{"href":"https:\/\/www.editiespecialapress.ro\/newtest\/wp-json\/wp\/v2\/posts\/5647","targetHints":{"allow":["GET"]}}],"collection":[{"href":"https:\/\/www.editiespecialapress.ro\/newtest\/wp-json\/wp\/v2\/posts"}],"about":[{"href":"https:\/\/www.editiespecialapress.ro\/newtest\/wp-json\/wp\/v2\/types\/post"}],"author":[{"embeddable":true,"href":"https:\/\/www.editiespecialapress.ro\/newtest\/wp-json\/wp\/v2\/users\/2"}],"replies":[{"embeddable":true,"href":"https:\/\/www.editiespecialapress.ro\/newtest\/wp-json\/wp\/v2\/comments?post=5647"}],"version-history":[{"count":0,"href":"https:\/\/www.editiespecialapress.ro\/newtest\/wp-json\/wp\/v2\/posts\/5647\/revisions"}],"wp:featuredmedia":[{"embeddable":true,"href":"https:\/\/www.editiespecialapress.ro\/newtest\/wp-json\/"}],"wp:attachment":[{"href":"https:\/\/www.editiespecialapress.ro\/newtest\/wp-json\/wp\/v2\/media?parent=5647"}],"wp:term":[{"taxonomy":"category","embeddable":true,"href":"https:\/\/www.editiespecialapress.ro\/newtest\/wp-json\/wp\/v2\/categories?post=5647"},{"taxonomy":"post_tag","embeddable":true,"href":"https:\/\/www.editiespecialapress.ro\/newtest\/wp-json\/wp\/v2\/tags?post=5647"}],"curies":[{"name":"wp","href":"https:\/\/api.w.org\/{rel}","templated":true}]}}