{"id":5666,"date":"2018-08-13T17:52:48","date_gmt":"2018-08-13T14:52:48","guid":{"rendered":"http:\/\/www.editiespecialapress.ro\/?p=5666"},"modified":"2018-08-13T17:52:48","modified_gmt":"2018-08-13T14:52:48","slug":"la-multi-ani-de-sfanta-maria-primaria-mirosi","status":"publish","type":"post","link":"https:\/\/www.editiespecialapress.ro\/newtest\/2018\/08\/13\/la-multi-ani-de-sfanta-maria-primaria-mirosi\/","title":{"rendered":"La Mul\u021bi Ani de Sf\u00e2nta Maria! &#8211; Prim\u0103ria Miro\u0219i"},"content":{"rendered":"<p>De Sf\u00e2nta Maria, zi de mare s\u0103rb\u0103toare primi\u021bi din partea noastr\u0103 cele mai sincere ur\u0103ri de bine, s\u0103n\u0103tate, mult noroc \u0219i \u00eemplinirea tuturor dorin\u021belor.\u00a0Fie ca Sf\u00e2nta Fecioar\u0103 Maria, sa v\u0103 ocroteasc\u0103, s\u0103 v\u0103 c\u0103l\u0103uzeasc\u0103 pa\u0219ii \u0219i s\u0103 v\u0103 lumineze calea.\u00a0De ziua numelui vostru, v\u0103 dorim tot binele din lume, noroc, fericire \u0219i s\u0103n\u0103tate. S\u0103 vi se \u00eendeplineasc\u0103 toate dorin\u021bele pe care vi le pune\u021bi. La mul\u021bi ani!<\/p>\n<p style=\"text-align: right;\"><em><strong><span id=\"yui_3_16_0_ym19_1_1482136924624_4467\">Prim\u0103ria Miro\u0219i AG,<\/span><\/strong><\/em><\/p>\n<p style=\"text-align: right;\"><em><strong><span id=\"yui_3_16_0_ym19_1_1482136924624_4467\">Primar Ni\u021b\u0103 Marin,<\/span>\u00a0\u00a0<span id=\"yui_3_16_0_ym19_1_1482136924624_4469\">\u00eempreun\u0103 cu angaja\u021bii prim\u0103riei \u0219i Consiliul Local<\/span><\/strong><\/em><\/p>\n","protected":false},"excerpt":{"rendered":"<p>De Sf\u00e2nta Maria, zi de mare s\u0103rb\u0103toare primi\u021bi din partea noastr\u0103 cele mai sincere ur\u0103ri de bine, s\u0103n\u0103tate, mult noroc \u0219i \u00eemplinirea tuturor dorin\u021belor.\u00a0Fie ca Sf\u00e2nta Fecioar\u0103 Maria, sa v\u0103 ocroteasc\u0103, s\u0103 v\u0103 c\u0103l\u0103uzeasc\u0103 pa\u0219ii \u0219i s\u0103 v\u0103 lumineze calea.\u00a0De ziua numelui vostru, v\u0103 dorim tot binele din lume, noroc, fericire \u0219i s\u0103n\u0103tate. S\u0103 vi [&hellip;]<\/p>\n","protected":false},"author":2,"featured_media":5663,"comment_status":"closed","ping_status":"open","sticky":false,"template":"","format":"standard","meta":{"footnotes":""},"categories":[4],"tags":[],"class_list":{"0":"post-5666","1":"post","2":"type-post","3":"status-publish","4":"format-standard","5":"has-post-thumbnail","7":"category-felicitari"},"_links":{"self":[{"href":"https:\/\/www.editiespecialapress.ro\/newtest\/wp-json\/wp\/v2\/posts\/5666","targetHints":{"allow":["GET"]}}],"collection":[{"href":"https:\/\/www.editiespecialapress.ro\/newtest\/wp-json\/wp\/v2\/posts"}],"about":[{"href":"https:\/\/www.editiespecialapress.ro\/newtest\/wp-json\/wp\/v2\/types\/post"}],"author":[{"embeddable":true,"href":"https:\/\/www.editiespecialapress.ro\/newtest\/wp-json\/wp\/v2\/users\/2"}],"replies":[{"embeddable":true,"href":"https:\/\/www.editiespecialapress.ro\/newtest\/wp-json\/wp\/v2\/comments?post=5666"}],"version-history":[{"count":0,"href":"https:\/\/www.editiespecialapress.ro\/newtest\/wp-json\/wp\/v2\/posts\/5666\/revisions"}],"wp:featuredmedia":[{"embeddable":true,"href":"https:\/\/www.editiespecialapress.ro\/newtest\/wp-json\/"}],"wp:attachment":[{"href":"https:\/\/www.editiespecialapress.ro\/newtest\/wp-json\/wp\/v2\/media?parent=5666"}],"wp:term":[{"taxonomy":"category","embeddable":true,"href":"https:\/\/www.editiespecialapress.ro\/newtest\/wp-json\/wp\/v2\/categories?post=5666"},{"taxonomy":"post_tag","embeddable":true,"href":"https:\/\/www.editiespecialapress.ro\/newtest\/wp-json\/wp\/v2\/tags?post=5666"}],"curies":[{"name":"wp","href":"https:\/\/api.w.org\/{rel}","templated":true}]}}