{"id":5668,"date":"2018-08-20T11:58:00","date_gmt":"2018-08-20T08:58:00","guid":{"rendered":"http:\/\/www.editiespecialapress.ro\/?p=5668"},"modified":"2018-08-20T11:58:00","modified_gmt":"2018-08-20T08:58:00","slug":"tortionarii-ipj-arges-colonel-misu-cruceana-si-colonel-radu-marian-asasin-nedelea-florin-si-consilierul-escroc-sandu-ionel","status":"publish","type":"post","link":"https:\/\/www.editiespecialapress.ro\/newtest\/2018\/08\/20\/tortionarii-ipj-arges-colonel-misu-cruceana-si-colonel-radu-marian-asasin-nedelea-florin-si-consilierul-escroc-sandu-ionel\/","title":{"rendered":"Tor\u021bionarii IPJ Arge\u0219 &#8211; Colonel Mi\u0219u Crucean\u0103 \u0219i colonel Radu Marian, asasin Nedelea Florin \u0219i consilierul escroc Sandu Ionel"},"content":{"rendered":"<p><strong><em>Tor\u021bionarii IPJ Arge\u0219, colonel Mi\u0219u Crucean\u0103 \u0219i colonelul Radu Marian au b\u0103tut victime p\u00e2n\u0103 au decedat, Nedelea Florin \u0219i-a otr\u0103vit tat\u0103l pentru c\u0103 a refuzat s\u0103-i dea mo\u0219tenirea sa iar consilierul nesim\u021bit Sandu Ionel nu a refuzat deloc sutele de ha ale mo\u0219tenitorilor date de primarul Ion Dumitru<\/em><\/strong><\/p>\n<p>Dragii no\u0219tri cititori, continu\u0103m \u00een aceast\u0103 edi\u021bie cu doi colonei tor\u021bionari, un asasin \u0219i un consilier nesim\u021bit care nu a refuzat sutele de ha de teren date de primarul Ion Dumitru.<\/p>\n<figure id=\"attachment_5671\" aria-describedby=\"caption-attachment-5671\" style=\"width: 293px\" class=\"wp-caption alignleft\"><a href=\"http:\/\/www.editiespecialapress.ro\/wp\/wp-content\/uploads\/2018\/08\/Mi\u0219u-Crucean\u0103-tor\u021bionar.jpg\"><img loading=\"lazy\" decoding=\"async\" class=\" wp-image-5671\" src=\"http:\/\/www.editiespecialapress.ro\/wp\/wp-content\/uploads\/2018\/08\/Mi\u0219u-Crucean\u0103-tor\u021bionar-400x286.jpg\" alt=\"\" width=\"293\" height=\"212\" \/><\/a><figcaption id=\"caption-attachment-5671\" class=\"wp-caption-text\">Mi\u0219u Crucean\u0103 &#8211; tor\u021bionar<\/figcaption><\/figure>\n<p>Tor\u021bionarii \u2013 colonel Mi\u0219u Crucean\u0103 \u0219i colonel Radu Marian au lucrat la cercet\u0103ri penale \u00een cadrul IPJ Arge\u0219. Ace\u0219ti doi tor\u021bionari b\u0103teau victimele arestate p\u00e2n\u0103 decedau. Care apuca s\u0103 plece la Spitalul Jilava sau la ANP Coliba\u0219i sc\u0103pau cu via\u021b\u0103, dar r\u0103m\u00e2neau ori bolnavi psihic ori handicapa\u021bi. Pe turn\u0103torii lor \u00eei protejau \u0219i nu le f\u0103ceau dosare penale. \u00cei scoteau pe bie\u021bii oameni la cercet\u0103ri dup\u0103 orele 01:00 noaptea. Mi\u0219u Crucean\u0103 avea \u00een biroul lui o rang\u0103, un par asem\u0103n\u0103tor cu cel al \u021b\u0103ranilor cu care planteaz\u0103 porumbul \u00een p\u0103m\u00e2nt. El trimitea sclavii s\u0103i, precum colonelul Radu Marian \u0219i pe al\u021bii ca el s\u0103-i ia cu japca din camere pe aresta\u021bi. Mi\u0219u Crucean\u0103 la acea vreme era \u0219eful cercet\u0103rilor din cadrul IPJ Arge\u0219. Cum ajungeau victimele \u00een biroul lui, le zicea:\u201ete-ai r\u0103zg\u00e2ndit b\u0103?!!\u201d , \u201es\u0103 recuno\u0219ti crimele\u201d etc. Victimele speriate de prezen\u021ba a 5,6 tor\u021bionari \u00een birou, \u00eei spuneau tremur\u00e2nd: \u201enu am s\u0103v\u00e2r\u0219it fapta domnule colonel, nu am ce s\u0103 mai declar, am declarat tot ce am \u0219tiut \u0219i tot ce am f\u0103cut\u201d. El se ridica nervos \u0219i se repezea s\u0103 str\u00e2ng\u0103 victimele de g\u00e2t. Victimele se fereau sau se retr\u0103geau \u00eentr-un col\u021b al biroului. Le spunea la ceilal\u021bi tor\u021bionari din birou: \u201elega\u021bi-l cu c\u0103tu\u0219ele de calorifer c\u0103-l omor p-\u0103sta!\u201d. Victimele din birou \u00eencepeau s\u0103 \u021bipe de le auzeau celelalte victime din arest. Ceilal\u021bi din arest \u00eencepeau s\u0103 strige: \u201el\u0103sa\u021bi-i, nu \u00eei omor\u00e2\u021bi, nu au comis nici o fapt\u0103 penal\u0103. Nu aveau tupeu tor\u021bionarii s\u0103 se duc\u0103 la ei la celule s\u0103-i bat\u0103. Mi\u0219u Crucean\u0103 \u0219i Radu Marian \u00eei b\u0103teau p\u00e2n\u0103 pe la orele 03:30 noaptea. \u00cei b\u0103teau \u00eentruna p\u00e2n\u0103 c\u00e2nd le\u0219inau bietele victime, dup\u0103 aceea le duceau la camera de plimbare \u0219i aruncau ap\u0103 pe ei. To\u021bi aresta\u021bii \u021bipau de se auzea \u00een poart\u0103 la ofi\u021berul de serviciu. Suna ofi\u021berul de serviciu pe \u0219eful arestului, colonelul Stan iar \u0103la r\u0103spundea tare: \u201eare \u0219eful treab\u0103 cu \u0103ia de nu-\u0219i recunosc faptele, termin\u0103 cu ei pe la 03:30\u201d.<\/p>\n<figure id=\"attachment_5673\" aria-describedby=\"caption-attachment-5673\" style=\"width: 212px\" class=\"wp-caption alignright\"><a href=\"http:\/\/www.editiespecialapress.ro\/wp\/wp-content\/uploads\/2018\/08\/Radu-Marian-tor\u021bionar.png\"><img loading=\"lazy\" decoding=\"async\" class=\" wp-image-5673\" src=\"http:\/\/www.editiespecialapress.ro\/wp\/wp-content\/uploads\/2018\/08\/Radu-Marian-tor\u021bionar-185x300.png\" alt=\"\" width=\"212\" height=\"336\" \/><\/a><figcaption id=\"caption-attachment-5673\" class=\"wp-caption-text\">Radu Marian &#8211; tor\u021bionar<\/figcaption><\/figure>\n<p>Aresta\u021bii erau uni\u021bi dar nu puteau s\u0103 ias\u0103 din celule s\u0103 salveze pe celelalte victime. Puteau doar \u021bipa s\u0103-i lase \u00een pace \u0219i s\u0103 nu \u00eei mai bat\u0103. Mi\u0219u Crucean\u0103 \u0219i Radu Marian le ziceau victimelor \u00een timp ce le b\u0103teau groaznic cu parul de pus boabe de porumb \u0219i cu ranga: \u201ece b\u0103, prinde-\u021bi tupeu c\u0103 \u021bip\u0103 \u0103ia, recunoa\u0219te\u021bi nenoroci\u021bilor crimele comise, furturile, t\u00e2lh\u0103riile etc. Ace\u0219ti doi tor\u021bionari, vroiau s\u0103 le bage pe g\u00e2t faptele altor infractori, turn\u0103tori de-ai lor. Unele victime cedau la aceste b\u0103t\u0103i cu parul \u0219i ranga \u0219i le ziceau tor\u021bionarilor: \u201espune\u021bi dumneavoastr\u0103 ce s\u0103 scriu. Semnez tot, numai s\u0103 nu m\u0103 omor\u00e2\u021bi, am familia acas\u0103 care m\u0103 a\u0219teapt\u0103\u201d. Mi\u0219u \u0219i Marian le spunea: \u201evede\u021bi b\u0103 c\u0103 a-\u021bi s\u0103v\u00e2r\u0219it faptele, poate \u00eentoarce\u021bi declara\u021biile la procuror sau la judec\u0103tor. Tot la noi veni\u021bi dup\u0103 aia, \u0219ti\u021bi ce v\u0103 a\u0219teapt\u0103\u201d. Unii spuneau la procurori tot ceea ce li se \u00eent\u00e2mplase, al\u021bii de fric\u0103 declarau \u00een continuare tot minciuni indicate de Mi\u0219u \u0219i Marian. C\u00e2nd ajungeau victimele \u00een fa\u021ba judec\u0103torilor \u0219i le \u00eentreba judec\u0103torul: \u201ea-\u021bi s\u0103v\u00e2r\u0219it faptele pe care vi le imput\u0103 mili\u021bia \u0219i procuratura?\u201d. Ei r\u0103m\u00e2neau bloca\u021bi \u0219i le spuneau judec\u0103torilor: \u201eam fost b\u0103tu\u021bi noaptea de la orele 01:00 p\u00e2n\u0103 la orele 03:30. Am scris declara\u021bii la comanda colonelului Crucean\u0103 Mihai \u0219i la comanda colonelului Radu Marian\u201d.<\/p>\n<p>Judec\u0103torii se mirau dar nu \u021bineau cont de toate acestea \u0219i de lipsa altor probe care trebuiau s\u0103 duc\u0103 la un probatoriu complet. Nu s\u0103-i condamne pe bie\u021bii cet\u0103\u021beni doar c\u0103 ar fi recunoscut faptele \u0219i ce fapte?! fapte imputate de tor\u021bionari prin b\u0103t\u0103i groaznice. La dosare erau dec\u00e2t declara\u021biile victimelor \u0219i unele documente false ce-i reprezenta pe adev\u0103ra\u021bii infractori. Le d\u0103deau pu\u0219c\u0103rie grea, judec\u0103torul Marius Andreescu, judec\u0103torul Gheorghe Diaconu \u0219i mul\u021bi al\u021bii. Au decedat mul\u021bi aresta\u021bi \u00een arestul IPJ Arge\u0219 sau \u00een Spitalul Jilava, precum \u0219i \u00een ANP Coliba\u0219i. Ace\u0219ti doi tor\u021bionari sunt liberi \u0219i nev\u0103t\u0103ma\u021bi la aceast\u0103 or\u0103 \u0219i \u00ee\u0219i consum\u0103 pensiile lor criminale. Stau pe str\u0103zi, r\u00e2d ca doi bolnavi psihici, nu sunt deranja\u021bi de generalul gay Aldea Mihail, \u00ee\u0219i fac de cap \u00een continuare, aranjeaz\u0103 dosare pentru clas\u0103ri de cauze penale \u0219i primesc \u0219p\u0103gi groase.<\/p>\n<figure id=\"attachment_5672\" aria-describedby=\"caption-attachment-5672\" style=\"width: 252px\" class=\"wp-caption alignleft\"><a href=\"http:\/\/www.editiespecialapress.ro\/wp\/wp-content\/uploads\/2018\/08\/Nedelea-Florin-asasin.png\"><img loading=\"lazy\" decoding=\"async\" class=\"size-medium wp-image-5672\" src=\"http:\/\/www.editiespecialapress.ro\/wp\/wp-content\/uploads\/2018\/08\/Nedelea-Florin-asasin-252x300.png\" alt=\"\" width=\"252\" height=\"300\" \/><\/a><figcaption id=\"caption-attachment-5672\" class=\"wp-caption-text\">Nedelea Florin &#8211; asasin<\/figcaption><\/figure>\n<p>Colonelul Radu Marian o are \u0219i pe fiic\u0103-sa Radu Raluca mili\u021bianc\u0103 la IPJ Arge\u0219. Aceast\u0103 mili\u021bianc\u0103 e tot bolnav\u0103 ca taic\u0103-so cu capul, \u021bip\u0103 \u0219i amenin\u021b\u0103 reclaman\u021bii sau pe cei care sunt reclama\u021bi. Acest\u0103 bolnav\u0103 psihic, Raluca Radu consider\u0103 tot timpul \u00een mintea ei bolnav\u0103 c\u0103 to\u021bi sunt de vin\u0103 \u0219i trebuie aresta\u021bi. Scursura societ\u0103\u021bii este aceast\u0103 psihopat\u0103 care a fost \u0219i este favorizat\u0103 at\u00e2t pe latura penal\u0103 precum \u0219i pe latura administrativ\u0103 de anumi\u021bi \u0219efi ai IPJ Arge\u0219 dar \u0219i de mai mul\u021bi procurori prieteni de-ai tor\u021bionarului Marian Radu. Halal de mili\u021bie la IPJ Arge\u0219, halal de Parchet al Cur\u021bii de Apel Pite\u0219ti. Jeguri peste jeguri! Nedelea Florin din comuna Albota, jud. Arge\u0219 \u0219i-a asasinat tat\u0103l prin a-i pune otrav\u0103 \u00een \u021buic\u0103. Din informa\u021biile noastre a reie\u0219it c\u0103 acest asasin i-a pus g\u00e2nd r\u0103u lui taic\u0103-so \u00eentruc\u00e2t nu a vrut s\u0103-i treac\u0103 mo\u0219tenirea pe numele lui. Deja \u00eel for\u021base pe taic\u0103-so s\u0103 v\u00e2nd\u0103 un teren cu suma de 100.000 de euro. C\u00e2nd au ajuns la notar s\u0103 fac\u0103 actele de v\u00e2nzare-cump\u0103rare, asasinul Florin a pus gheru\u021bele pe banii lui taic\u0103-so iar taic\u0103-so nu a beneficat de nici un euro, doar de otr\u0103vuri p\u00e2n\u0103 a decedat.\u00a0 \u0218i-a luat \u021bupulanul asasin un autoturism Opel de circa 7.000 de euro, dup\u0103 aceea umbla cu toate t\u00e2rfele din comuna Albota \u0219i din Pite\u0219ti. Taic\u0103-so era mecanic auto, muncea acas\u0103 s\u0103-\u0219i c\u00e2\u0219tige un b\u0103nu\u021b. Golanul de Nedelea Florin s-a distrat ani de zile p\u00e2n\u0103 a cheltuit suta de mii de euro. Sor\u0103sii i-a dat doar, circa 10.000 de lei, \u00een rest el a cheltuit to\u021bi banii cu t\u00e2rfele.<\/p>\n<figure id=\"attachment_5674\" aria-describedby=\"caption-attachment-5674\" style=\"width: 250px\" class=\"wp-caption alignright\"><a href=\"http:\/\/www.editiespecialapress.ro\/wp\/wp-content\/uploads\/2018\/08\/Sandu-Ionel-escroc-f\u0103r\u0103-scrupule.png\"><img loading=\"lazy\" decoding=\"async\" class=\"size-medium wp-image-5674\" src=\"http:\/\/www.editiespecialapress.ro\/wp\/wp-content\/uploads\/2018\/08\/Sandu-Ionel-escroc-f\u0103r\u0103-scrupule-250x300.png\" alt=\"\" width=\"250\" height=\"300\" \/><\/a><figcaption id=\"caption-attachment-5674\" class=\"wp-caption-text\">Sandu Ionel &#8211; escroc f\u0103r\u0103 scrupule<\/figcaption><\/figure>\n<p>Dup\u0103 ce a cheltuit to\u021bi banii cu t\u00e2rfele i-a spus lui taic\u0103-so: \u201ehai la notar s\u0103-mi faci act de v\u00e2nzare \u2013 cump\u0103rare la tot ce ai\u201d. Taic\u0103-so, om cinstit i-a spus: \u201enu-\u021bi mai trec nimic, nu-\u021bi mai dau nimic, ai cheltuit cu bagaboantele cei 100.000 de euro\u201d. Acest bolnav psihic, demon \u00eentruchipat s-a r\u0103zbunat pe taic\u0103-so pun\u00e2ndu-i \u00een \u021buic\u0103 \u0219i cafea, substan\u021be otr\u0103vitoare precum mercur etc. Tot bagaboantele cu care umbla l-au \u00eenv\u0103\u021bat s\u0103-l asasineze pe taic\u0103-so, Nedelea Gic\u0103. Se f\u0103cea c\u0103 pl\u00e2nge la \u00eenmorm\u00e2ntare, erau lacrimi de demon pervers, sor\u0103sa se uita la el de parc\u0103 ar fi b\u0103nuit ceva. Pomenile lui taic\u0103-so le-a f\u0103cut mai mult sor\u0103sa, el umbla cu t\u00e2rfele non-stop. Impozitul la Prim\u0103rie l-a pl\u0103tit tot sor\u0103sa, el nici nu visa de a\u0219a ceva. Acum a \u00eenchiriat verbal un garaj, \u00een apropierea PETROM Craiovei, unde \u00ee\u0219i desf\u0103\u0219oar\u0103 activitatea ilegal cu prest\u0103ri servicii de mecanic\u0103 auto. Se laud\u0103 beat c\u0103 el tot timpul are lucr\u0103ri de 300 lei pe zi la care nu pl\u0103te\u0219te tva sau impozit, nu are firm\u0103 sau autoriza\u021bie de func\u021bionare pentru aceste servicii de mecanic\u0103 auto. Spune tare c\u0103-i face sex oral ANAF-ul \u0219i Poli\u021bia Economic\u0103. Acest infractor asasin l-a omor\u00e2t pe taic\u0103-so, lucreaz\u0103 f\u0103r\u0103 autoriza\u021bie la garaj, presteaz\u0103 servicii de mecanic\u0103 auto non-stop f\u0103r\u0103 a fi autorizat, \u00een\u0219eal\u0103 statul de tva \u0219i impozite. Acest criminal, Nedelea Florin r\u00e2de, st\u0103 beat mai tot timpul, zice c\u0103 nu o s\u0103 r\u0103spunde penal pentru tot ceea ce a f\u0103cut. Asta s\u0103 o cread\u0103 el!<\/p>\n<p>Consilierul Sandu Ionel de la Prim\u0103ria Albota, jud. Arge\u0219 nu a refuzat oferta primarului Ion Dumitru de a primii sute de ha de teren. Tare nesim\u021bit a mai fost acest bufon! A v\u00e2ndut terenurile \u00eempreun\u0103 cu t\u0103ticul lui Dumitru, \u0219i-a tras milioane de euro s\u0103racul, nu s-a g\u00e2ndit niciodat\u0103 c\u0103 terenurile apar\u021bineau mo\u0219tenitorilor de drept din comuna Mo\u0219oaia &#8211; jud. Arge\u0219, ora\u0219 Coste\u0219ti \u2013 jud. Arge\u0219 \u0219i comuna Lunca Corbului \u2013 jud. Arge\u0219. St\u0103 acest nemernic la restaurantul primarului din comuna Albota \u0219i joac\u0103 toat\u0103 ziua poker pe sume frumoase de bani. Umbl\u0103 tot timpul beat cu autoturismul lui Dacia Logan, nu-l \u00eentreab\u0103 nimeni de nimic. Doar este consilier PSD!<\/p>\n<figure id=\"attachment_5669\" aria-describedby=\"caption-attachment-5669\" style=\"width: 400px\" class=\"wp-caption aligncenter\"><a href=\"http:\/\/www.editiespecialapress.ro\/wp\/wp-content\/uploads\/2018\/08\/IPJ-Arge\u0219-plin-de-tor\u021bionari.jpg\"><img loading=\"lazy\" decoding=\"async\" class=\"size-medium wp-image-5669\" src=\"http:\/\/www.editiespecialapress.ro\/wp\/wp-content\/uploads\/2018\/08\/IPJ-Arge\u0219-plin-de-tor\u021bionari-400x187.jpg\" alt=\"\" width=\"400\" height=\"187\" \/><\/a><figcaption id=\"caption-attachment-5669\" class=\"wp-caption-text\">IPJ Arge\u0219 plin de tor\u021bionari<\/figcaption><\/figure>\n<p>Cine e mai tare ca acest jeg. Nu apare cu autoturisme tari \u00eentruc\u00e2t se prind \u0219mecherii de fentele infrac\u021bionale pe care le-a f\u0103cut. Tot la pu\u0219c\u0103rie va ajunge \u0219i aceast\u0103 scursur\u0103 a societ\u0103\u021bii.<\/p>\n<p style=\"text-align: right;\">Articol de Liviu Po\u0219irc\u0103<\/p>\n","protected":false},"excerpt":{"rendered":"<p>Tor\u021bionarii IPJ Arge\u0219, colonel Mi\u0219u Crucean\u0103 \u0219i colonelul Radu Marian au b\u0103tut victime p\u00e2n\u0103 au decedat, Nedelea Florin \u0219i-a otr\u0103vit tat\u0103l pentru c\u0103 a refuzat s\u0103-i dea mo\u0219tenirea sa iar consilierul nesim\u021bit Sandu Ionel nu a refuzat deloc sutele de ha ale mo\u0219tenitorilor date de primarul Ion Dumitru Dragii no\u0219tri cititori, continu\u0103m \u00een aceast\u0103 edi\u021bie [&hellip;]<\/p>\n","protected":false},"author":2,"featured_media":5670,"comment_status":"closed","ping_status":"open","sticky":false,"template":"","format":"standard","meta":{"footnotes":""},"categories":[2],"tags":[241,791,792,793,794],"class_list":{"0":"post-5668","1":"post","2":"type-post","3":"status-publish","4":"format-standard","5":"has-post-thumbnail","7":"category-ancheta","8":"tag-ipj-arges","9":"tag-misu-cruceana","10":"tag-nedelea-florin","11":"tag-radu-marian","12":"tag-sandu-ionel"},"_links":{"self":[{"href":"https:\/\/www.editiespecialapress.ro\/newtest\/wp-json\/wp\/v2\/posts\/5668","targetHints":{"allow":["GET"]}}],"collection":[{"href":"https:\/\/www.editiespecialapress.ro\/newtest\/wp-json\/wp\/v2\/posts"}],"about":[{"href":"https:\/\/www.editiespecialapress.ro\/newtest\/wp-json\/wp\/v2\/types\/post"}],"author":[{"embeddable":true,"href":"https:\/\/www.editiespecialapress.ro\/newtest\/wp-json\/wp\/v2\/users\/2"}],"replies":[{"embeddable":true,"href":"https:\/\/www.editiespecialapress.ro\/newtest\/wp-json\/wp\/v2\/comments?post=5668"}],"version-history":[{"count":0,"href":"https:\/\/www.editiespecialapress.ro\/newtest\/wp-json\/wp\/v2\/posts\/5668\/revisions"}],"wp:featuredmedia":[{"embeddable":true,"href":"https:\/\/www.editiespecialapress.ro\/newtest\/wp-json\/"}],"wp:attachment":[{"href":"https:\/\/www.editiespecialapress.ro\/newtest\/wp-json\/wp\/v2\/media?parent=5668"}],"wp:term":[{"taxonomy":"category","embeddable":true,"href":"https:\/\/www.editiespecialapress.ro\/newtest\/wp-json\/wp\/v2\/categories?post=5668"},{"taxonomy":"post_tag","embeddable":true,"href":"https:\/\/www.editiespecialapress.ro\/newtest\/wp-json\/wp\/v2\/tags?post=5668"}],"curies":[{"name":"wp","href":"https:\/\/api.w.org\/{rel}","templated":true}]}}