{"id":5679,"date":"2018-08-26T22:10:19","date_gmt":"2018-08-26T19:10:19","guid":{"rendered":"http:\/\/www.editiespecialapress.ro\/?p=5679"},"modified":"2018-08-26T22:10:19","modified_gmt":"2018-08-26T19:10:19","slug":"mercenarii-jandarmeriei-romane-au-primit-ordin-de-la-carmen-dan-si-dan-de-la-dragnea-pentru-a-macelarii-batrani-si-tineri","status":"publish","type":"post","link":"https:\/\/www.editiespecialapress.ro\/newtest\/2018\/08\/26\/mercenarii-jandarmeriei-romane-au-primit-ordin-de-la-carmen-dan-si-dan-de-la-dragnea-pentru-a-macelarii-batrani-si-tineri\/","title":{"rendered":"Mercenarii Jandarmeriei Rom\u00e2ne, au primit ordin de la Carmen Dan \u0219i Dan de la Dragnea pentru a m\u0103cel\u0103rii b\u0103tr\u00e2ni \u0219i tineri"},"content":{"rendered":"<p><strong>Mercenarii Jandarmeriei Rom\u00e2ne au m\u0103cel\u0103rit b\u0103tr\u00e2ni \u0219i tineri la ordinul lui Carmen Dan \u0219i al lui Liviu Dragnea<\/strong><\/p>\n<p>Dragii no\u0219tri cititori, continu\u0103m \u00een aceast\u0103 edi\u021bie cu Ministrul de Interne Carmen Dan, Pre\u0219edintele Camerei Deputa\u021bilor Liviu Dragnea \u0219i cu mercenarii Jandarmeriei Rom\u00e2ne care au asasinat victime \u0219i care au distrus s\u0103n\u0103t\u0103\u021bile victimelor.<\/p>\n<figure id=\"attachment_5681\" aria-describedby=\"caption-attachment-5681\" style=\"width: 233px\" class=\"wp-caption alignleft\"><a href=\"http:\/\/www.editiespecialapress.ro\/wp\/wp-content\/uploads\/2018\/08\/Liviu-Dragnea-a-dat-ordine-la-mercenari-s\u0103-asasineze-protestatarii.jpeg\"><img loading=\"lazy\" decoding=\"async\" class=\" wp-image-5681\" src=\"http:\/\/www.editiespecialapress.ro\/wp\/wp-content\/uploads\/2018\/08\/Liviu-Dragnea-a-dat-ordine-la-mercenari-s\u0103-asasineze-protestatarii-376x300.jpeg\" alt=\"\" width=\"233\" height=\"188\" \/><\/a><figcaption id=\"caption-attachment-5681\" class=\"wp-caption-text\">Liviu Dragnea a dat ordine la mercenari s\u0103 asasineze protestatarii<\/figcaption><\/figure>\n<p>Liviu Dragnea, pre\u0219edintele Camerei Deputa\u021bilor \u0219i Ministrul de Interne Carmen Dan au stabilit ca \u00een data de 10 August 2018 la mitingul Diasporei s\u0103 fie m\u0103cel\u0103ri\u021bi, gaza\u021bi, b\u0103tu\u021bi \u0219.a.m.d. to\u021bi protestatarii at\u00e2t din str\u0103in\u0103tate precum \u0219i cei din \u021bar\u0103. Am luat informa\u021bii de la diferite unit\u0103\u021bi militare de Jandarmerie din Arge\u0219, V\u00e2lcea, Olt, Dolj, Bucure\u0219ti etc. unde am fost informa\u021bi de diferi\u021bi ofi\u021beri c\u0103, ordinul a venit de la Liviu Dragnea la Carmen Dan iar Carmen Dan a dat ordin \u0218efului Jandarmeriei Rom\u00e2ne, colonel Sebastain Cuco\u0219, s\u0103 m\u0103cel\u0103reasc\u0103 protestatarii. Am urm\u0103rit s\u0103 vedem de unde vin miile de microbuze cu jandarmi \u00een ziua de 10 august 2018. Veneau din jude\u021bele Dolj, Olt, Arge\u0219, V\u00e2lcea, D\u00e2mbovi\u021ba, Prahova, Giurgiu \u0219.a.m.d. C\u00e2nd ne uitam la ei, ne ar\u0103tau cu bra\u021bul drept c\u0103-i vor bate pe protestatari. To\u021bi jandarmii din miile de microbuze erau foarte nervo\u0219i \u0219i pu\u0219i pe m\u0103cel\u0103rit protestatari. Ne-am dat seama imediat c\u0103-i vor gaza, bate \u0219i m\u0103cel\u0103ri pe protestatarii veni\u021bi din Diaspora \u0219i din Rom\u00e2nia. Oricum aveam informa\u021bii sigure de la zeci de ofi\u021beri din Jandarmeria Rom\u00e2n\u0103 c\u0103-i vor bate, gaza \u0219i m\u0103cel\u0103rii pe protestatari. Carmen Dan a stat mai mult cu nenorocitul de Liviu Dragnea \u00een timpul mitingului. O \u00eenv\u0103\u021ba jigodia s\u0103 dea ordin la \u0219eful jandarmeriei, pentru a-i bate, gaza, uda cu ap\u0103 \u0219i m\u0103cel\u0103rii pe to\u021bi protestatarii.<\/p>\n<figure id=\"attachment_5680\" aria-describedby=\"caption-attachment-5680\" style=\"width: 232px\" class=\"wp-caption alignright\"><a href=\"http:\/\/www.editiespecialapress.ro\/wp\/wp-content\/uploads\/2018\/08\/Carmen-Dan-a-primit-ordinul-de-la-Dragnea-\u0219i-l-a-pus-\u00een-executare-pentru-a-asasina-mii-de-protestatari.jpg\"><img loading=\"lazy\" decoding=\"async\" class=\" wp-image-5680\" src=\"http:\/\/www.editiespecialapress.ro\/wp\/wp-content\/uploads\/2018\/08\/Carmen-Dan-a-primit-ordinul-de-la-Dragnea-\u0219i-l-a-pus-\u00een-executare-pentru-a-asasina-mii-de-protestatari-323x300.jpg\" alt=\"\" width=\"232\" height=\"216\" \/><\/a><figcaption id=\"caption-attachment-5680\" class=\"wp-caption-text\">Carmen Dan a primit ordin de la Dragnea \u0219i l-a pus \u00een executare pentru a asasina mii de protestatari<\/figcaption><\/figure>\n<p>L-au turnat apropia\u021bi de-ai lui care sunt prieteni \u0219i cu noi. Dac\u0103 i-ar \u0219ti mercenarul de Liviu Dragnea pe cei care l-au turnat la noi, i-ar asasina cu interlopii lui \u0219i-ai lui Codrin \u0218tef\u0103nescu. Se f\u0103cea s\u0103 nu fie v\u0103zut cu Carmen Dan dar tot a fost v\u0103zut \u0219i turnat la noi. Numai un nemernic ca Liviu Dragnea putea face a\u0219a ceva. \u0218i Traian B\u0103sescu d\u0103dea ordine la Mini\u0219trii de Interne s\u0103 pun\u0103 furtunele cu ap\u0103 pe protestatari iarna sau c\u00e2nd era frig \u00eens\u0103 nu se compar\u0103 ordinele lui B\u0103sescu cu cele ale mercenarului asasin Liviu Dragnea. Acest jeg de pre\u0219edinte al Camerei Deputa\u021bilor dac\u0103 ar fi ajuns Pre\u0219edintele Rom\u00e2niei ar fi m\u0103cel\u0103rit to\u021bi protestatarii care sunt \u00eempotriva lui \u0219i a tuturor jegurilor lui. Din cauza acestui asasin au decedat cet\u0103\u021beni \u0219i s-au \u00eemboln\u0103vit de nu-\u0219i mai pot reveni. St\u0103 t\u00e2rtanul pe coad\u0103 \u0219i d\u0103 ordine din spate, \u00eenainta\u0219ii sunt Carmen Dan \u0219i \u0219eful jandarmeriei, colonel Sebastian Cuco\u0219. Am \u00een\u021beles c\u0103 l-ar fi amenin\u021bat pe \u0219eful jandarmeriei cu \u00eenl\u0103turarea din func\u021bie. St\u0103 colonelul ca pe ace cu fundul, a\u0219teapt\u0103 ce ordin mai d\u0103 asasinul de Dragnea ministrei Dan. De c\u00e2nd a pus m\u00e2na pe putere, Liviu Dragnea a f\u0103cut mai multe rele dec\u00e2t bune, dar s\u0103 dai ordin s\u0103 m\u0103cel\u0103re\u0219ti poporul, asta nu s-a mai pomenit. Ori de \u00eei ba\u021bi \u0219i \u00eei gazezi pe protestatari, tot m\u0103cel \u00een mas\u0103 este.<\/p>\n<figure id=\"attachment_5686\" aria-describedby=\"caption-attachment-5686\" style=\"width: 239px\" class=\"wp-caption alignleft\"><a href=\"http:\/\/www.editiespecialapress.ro\/wp\/wp-content\/uploads\/2018\/08\/\u0218eful-Jandarmeriei-colonel-Sebastian-Cuco\u0219-a-pus-\u00een-executare-ordinul-asasinilor-Dragnea-\u0219i-Dan.jpg\"><img loading=\"lazy\" decoding=\"async\" class=\" wp-image-5686\" src=\"http:\/\/www.editiespecialapress.ro\/wp\/wp-content\/uploads\/2018\/08\/\u0218eful-Jandarmeriei-colonel-Sebastian-Cuco\u0219-a-pus-\u00een-executare-ordinul-asasinilor-Dragnea-\u0219i-Dan-313x300.jpg\" alt=\"\" width=\"239\" height=\"230\" \/><\/a><figcaption id=\"caption-attachment-5686\" class=\"wp-caption-text\">\u0218eful Jandarmeriei, colonel Sebastian Cuco\u0219 a pus \u00een executare ordinul asasinilor Dragnea \u0219i Dan<\/figcaption><\/figure>\n<p>Nu s-a mai \u00eent\u00e2mplat \u00een Rom\u00e2nia a\u0219a ceva ca la Mitingul din 10 August 2018. A f\u0103cut Liviu Dragnea toate acestea pentru a b\u0103ga frica \u00een popor. Vrea nemernicul s\u0103 nu mai protesteze nimeni \u00een \u021bar\u0103, pentru a nu-l mai acuza de nimic din tot ceea ce a f\u0103cut, fapte penale grave. E greu s\u0103 r\u0103spund\u0103 penal \u0219i pentru aceste infrac\u021biuni grave, \u00eentruc\u00e2t convorbirile telefonice din urm\u0103 nu se mai pot lua. Zecile de ofi\u021beri jandarmi care ne-au informat, nu se pun martori la toate aceste discu\u021bii dintre Liviu, Carmen \u0219i \u0219eful jandarmeriei. Dac\u0103 s-ar pune martori, s-ar alege praful de ei. Asasinul Liviu Dragnea \u0219tie s\u0103 trimit\u0103 fraieri la \u00eenaintare, ca pe Ministra Carmen Dan \u0219i pe Colonelul Sebastian Cuco\u0219.<\/p>\n<p>Jigodia de Liviu Dragnea e un mare pervers. Acum or s-o trag\u0103 ofi\u021berii \u0219i subofi\u021berii Jandarmeriei Rom\u00e2ne nu Liviu Dragnea, Carmen Dan \u0219i Colonelul Sebastian Cuco\u0219. O trag cei mai mici \u00een grad \u0219i cei mai pro\u0219ti care ascult\u0103 ordine criminale de la Carmen Dan \u0219i Sebastian Cuco\u0219. Dar Liviu Dragnea a programat toate aceste nenorociri, el ar trebui s\u0103 trag\u0103 cel mai r\u0103u. E greu s\u0103-i faci acestui infractor probe, trebuie arestat f\u0103r\u0103 probe, \u0219tiu zeci chiar sute de jandarmi ce s-a \u00eent\u00e2mplat. Cum d\u0103 el ordine pe ascuns a\u0219a trebuie s\u0103 \u0219i le trag\u0103 tot pe ascuns. Mare interlop este acest Liviu Dragnea, nu om politic. E om politic la vedere, faptele penale grave sunt ascunse prin diferite metode. Demonul Dragnea Liviu nu se poate st\u0103p\u00e2ni dac\u0103 e deranjat, imediat reac\u021bioneaz\u0103 \u0219i trece la fapte penale grave. Premediteaz\u0103 \u0219i c\u00e2nd e singur c\u0103-i iese pasen\u021ba \u0219i nu d\u0103 de belea, ac\u021bioneaz\u0103 ca un mercenar.<\/p>\n<p><a href=\"http:\/\/www.editiespecialapress.ro\/wp\/wp-content\/uploads\/2018\/08\/violen\u021be-jandarmerie.jpg\"><img loading=\"lazy\" decoding=\"async\" class=\"aligncenter wp-image-5685\" src=\"http:\/\/www.editiespecialapress.ro\/wp\/wp-content\/uploads\/2018\/08\/violen\u021be-jandarmerie-400x133.jpg\" alt=\"\" width=\"568\" height=\"197\" \/><\/a>Are sclavii lui care-i accept\u0103 ordinele criminale, \u0219tie c\u0103 nu-l vor turna niciodat\u0103, a\u0219a c\u0103 nu se streseaz\u0103 asasinul. P\u00e2n\u0103 c\u00e2nd i-o merge cu nenorociri din astea nu se \u0219tie. Un lucru sigur e c\u0103 va merge la pu\u0219c\u0103rie. Asta \u00eel deranjeaz\u0103 cel mai tare. A str\u00e2ns avere de zeci de miliarde de euro pe numele altor persoane. Pe acele persoane le folose\u0219te la bugetele statului etc. Dac\u0103 comitea asemenea infrac\u021biuni pe timpul comuni\u0219tilor era propus c\u0103tre plutonul de execu\u021bie. Acum, doar va b\u0103ga pu\u0219c\u0103rie ca beril\u0103 \u0219i \u00eel vor deposeda de sume mici de euro, nu de toate miliardele de euro pe care le are la al\u021bi infractori. C\u00e2t se d\u0103 el de coco\u0219, va ajunge g\u0103ina sau g\u00e2sca pu\u0219c\u0103ria\u0219ilor.<\/p>\n<p><a href=\"http:\/\/www.editiespecialapress.ro\/wp\/wp-content\/uploads\/2018\/08\/violente-jandarmerie-miting-.jpg\"><img loading=\"lazy\" decoding=\"async\" class=\"aligncenter wp-image-5684\" src=\"http:\/\/www.editiespecialapress.ro\/wp\/wp-content\/uploads\/2018\/08\/violente-jandarmerie-miting--400x120.jpg\" alt=\"\" width=\"580\" height=\"183\" \/><\/a>Sute de victime distruse din ordinul acestui jeg f\u0103r\u0103 s\u0103 mai punem decesele \u0219i distrugerile de s\u0103n\u0103t\u0103\u021bi ce vor mai ap\u0103rea. Mercenarul Dragnea Liviu \u0219i-a \u00eendeplinit misiunea, acum st\u0103 lini\u0219tit, \u0219tie c\u0103 or s-o trag\u0103 al\u021bii pentru el. Acest articol \u00eei va face r\u0103u \u0219i s-ar r\u0103zbuna pe noi, dar va muri numai dac\u0103 va g\u00e2ndi r\u0103u despre noi. El nu are Dumnezeu, e f\u0103cut de o m\u0103tu\u0219\u0103 depravat\u0103. Este scursura societ\u0103\u021bii acest jeg PSD.<\/p>\n<p style=\"text-align: right;\">Articol de Liviu Po\u0219irc\u0103<\/p>\n","protected":false},"excerpt":{"rendered":"<p>Mercenarii Jandarmeriei Rom\u00e2ne au m\u0103cel\u0103rit b\u0103tr\u00e2ni \u0219i tineri la ordinul lui Carmen Dan \u0219i al lui Liviu Dragnea Dragii no\u0219tri cititori, continu\u0103m \u00een aceast\u0103 edi\u021bie cu Ministrul de Interne Carmen Dan, Pre\u0219edintele Camerei Deputa\u021bilor Liviu Dragnea \u0219i cu mercenarii Jandarmeriei Rom\u00e2ne care au asasinat victime \u0219i care au distrus s\u0103n\u0103t\u0103\u021bile victimelor. Liviu Dragnea, pre\u0219edintele Camerei [&hellip;]<\/p>\n","protected":false},"author":2,"featured_media":5682,"comment_status":"closed","ping_status":"open","sticky":false,"template":"","format":"standard","meta":{"footnotes":""},"categories":[2],"tags":[704,275,795,796],"class_list":{"0":"post-5679","1":"post","2":"type-post","3":"status-publish","4":"format-standard","5":"has-post-thumbnail","7":"category-ancheta","8":"tag-carmen-dan","9":"tag-liviu-dragnea","10":"tag-miting-10-august","11":"tag-sebastian-cucos"},"_links":{"self":[{"href":"https:\/\/www.editiespecialapress.ro\/newtest\/wp-json\/wp\/v2\/posts\/5679","targetHints":{"allow":["GET"]}}],"collection":[{"href":"https:\/\/www.editiespecialapress.ro\/newtest\/wp-json\/wp\/v2\/posts"}],"about":[{"href":"https:\/\/www.editiespecialapress.ro\/newtest\/wp-json\/wp\/v2\/types\/post"}],"author":[{"embeddable":true,"href":"https:\/\/www.editiespecialapress.ro\/newtest\/wp-json\/wp\/v2\/users\/2"}],"replies":[{"embeddable":true,"href":"https:\/\/www.editiespecialapress.ro\/newtest\/wp-json\/wp\/v2\/comments?post=5679"}],"version-history":[{"count":0,"href":"https:\/\/www.editiespecialapress.ro\/newtest\/wp-json\/wp\/v2\/posts\/5679\/revisions"}],"wp:featuredmedia":[{"embeddable":true,"href":"https:\/\/www.editiespecialapress.ro\/newtest\/wp-json\/"}],"wp:attachment":[{"href":"https:\/\/www.editiespecialapress.ro\/newtest\/wp-json\/wp\/v2\/media?parent=5679"}],"wp:term":[{"taxonomy":"category","embeddable":true,"href":"https:\/\/www.editiespecialapress.ro\/newtest\/wp-json\/wp\/v2\/categories?post=5679"},{"taxonomy":"post_tag","embeddable":true,"href":"https:\/\/www.editiespecialapress.ro\/newtest\/wp-json\/wp\/v2\/tags?post=5679"}],"curies":[{"name":"wp","href":"https:\/\/api.w.org\/{rel}","templated":true}]}}