{"id":5688,"date":"2018-09-02T09:16:03","date_gmt":"2018-09-02T06:16:03","guid":{"rendered":"http:\/\/www.editiespecialapress.ro\/?p=5688"},"modified":"2018-09-02T09:16:03","modified_gmt":"2018-09-02T06:16:03","slug":"ministrul-justitiei-romane-tudorel-toader-cel-mai-mare-jeg-din-justitia-romana","status":"publish","type":"post","link":"https:\/\/www.editiespecialapress.ro\/newtest\/2018\/09\/02\/ministrul-justitiei-romane-tudorel-toader-cel-mai-mare-jeg-din-justitia-romana\/","title":{"rendered":"Ministrul Justi\u021biei Rom\u00e2ne, Tudorel Toader cel mai mare jeg din Justi\u021bia Rom\u00e2n\u0103"},"content":{"rendered":"<p><strong>Jegul Justi\u021biei Rom\u00e2ne Tudorel Toader, execut\u0103 ordinele CEX-PSD, \u00eei linge t\u0103lpile lui Liviu Dragnea \u0219i ale tuturor membrilor CEX-PSD<\/strong><\/p>\n<p>Dragii no\u0219tri cititori, continu\u0103m \u00een aceast\u0103 edi\u021bie cu cel mai mare jeg de Ministru, Tudorel Toader, protocoalele \u00eentre institu\u021bii legale nu sunt bune la CEX-ul PSD.<\/p>\n<figure id=\"attachment_5694\" aria-describedby=\"caption-attachment-5694\" style=\"width: 242px\" class=\"wp-caption alignleft\"><a href=\"http:\/\/www.editiespecialapress.ro\/wp\/wp-content\/uploads\/2018\/09\/Tudorel-execut\u0103-ordinele-CEX-ului-PSD-\u0219i-dispune-evalu\u0103ri-pentru-destituiri-din-func\u021bii-la-procurori-totul-abuziv.jpg\"><img loading=\"lazy\" decoding=\"async\" class=\" wp-image-5694\" src=\"http:\/\/www.editiespecialapress.ro\/wp\/wp-content\/uploads\/2018\/09\/Tudorel-execut\u0103-ordinele-CEX-ului-PSD-\u0219i-dispune-evalu\u0103ri-pentru-destituiri-din-func\u021bii-la-procurori-totul-abuziv-400x273.jpg\" alt=\"\" width=\"242\" height=\"168\" \/><\/a><figcaption id=\"caption-attachment-5694\" class=\"wp-caption-text\">Tudorel execut\u0103 ordinele CEX-ului PSD \u0219i dispune evalu\u0103ri pentru destituiri din func\u021bii la procurori &#8211; totul abuziv<\/figcaption><\/figure>\n<p>Ministrul Justi\u021biei Rom\u00e2ne Tudorel Toader e cel mai mare jeg na\u021bional. A desecretizat toate Protocoalele f\u0103cute \u00eentre Institu\u021bii pentru a invoca diversiuni la comanda CEX-ului PSD. Pro\u0219tii c\u00e2nd n-au ce face, \u00ee\u0219i fac de lucru, dar \u00een acela\u0219i timp creaz\u0103 diversiuni \u0219i le transmit direct la posturile de cas\u0103 Antena 3 \u0219i RTV. Cum e posibil ca acest jeg de Ministru Tudorel Toader s\u0103 execute ordinele membrilor CEX-PSD, \u0219i s\u0103 se dea cu fundul de p\u0103m\u00e2nt c\u0103 protocoalele \u00eentre SRI-DNA, Parchet General \u0219i \u00cenalta Curte de Casa\u021bie \u0219i Justi\u021bie sunt ilegale. Toate protocoalele au fost f\u0103cute \u00een condi\u021biile legii, numai Tudorel Toader cu ordin de la CEX-PSD induce poporul \u00een eroare non-stop. Acest jeg de Ministru trebuie arestat, el comite abuzuri \u0219i tot felul de infrac\u021biuni grave non-stop. Acesta i-a ajutat pe PSD-i\u0219ti s\u0103 ob\u021bin\u0103 hot\u0103r\u00e2rea CCR-abuziv\u0103, pentru a fi \u00eenl\u0103turat SRI de la monitoriz\u0103ri etc. A ob\u021binut sume mari de euro pentru acea decizie abuziv\u0103 ,le-a \u00eemp\u0103r\u021bit \u0219i colegilor lui milioane de euro. C\u00e2t a fost judec\u0103tor \u00een cadrul CCR numai de \u0219p\u0103gi s-a ocupat \u0219i de aranjamente, decizii abuzive. Dup\u0103 ce a rezolvat cu decizia CCR \u0219i a \u00eenl\u0103turat SRI-ul de la monitoriz\u0103ri, a fost r\u0103spl\u0103tit \u0219i cu func\u021bia de Ministru al Justi\u021biei.<\/p>\n<figure id=\"attachment_5691\" aria-describedby=\"caption-attachment-5691\" style=\"width: 243px\" class=\"wp-caption alignright\"><a href=\"http:\/\/www.editiespecialapress.ro\/wp\/wp-content\/uploads\/2018\/09\/Liviu-Dragnea-capul-r\u0103ut\u0103\u021bilor-d\u0103-ordine-non-stop.jpg\"><img loading=\"lazy\" decoding=\"async\" class=\" wp-image-5691\" src=\"http:\/\/www.editiespecialapress.ro\/wp\/wp-content\/uploads\/2018\/09\/Liviu-Dragnea-capul-r\u0103ut\u0103\u021bilor-d\u0103-ordine-non-stop-388x300.jpg\" alt=\"\" width=\"243\" height=\"190\" \/><\/a><figcaption id=\"caption-attachment-5691\" class=\"wp-caption-text\">Liviu Dragnea, capul r\u0103ut\u0103\u021bilor d\u0103 ordine non-stop<\/figcaption><\/figure>\n<p>Monitoriz\u0103rile noastre \u0219i-au spus cuv\u00e2ntul , dar \u0219i apropia\u021bii lor au fost la \u00een\u0103l\u021bime, ne-au informat tot timpul. Pentru desecretizarea protocoalelor legale, trebuie Tudorel arestat. El nu avea dreptul s\u0103 solicite desecretizarea protocoalelor legale \u00eentruc\u00e2t legea nu permite. Legea permite numai \u00een cazul c\u00e2nd protocoalele au fost f\u0103cute ilegal. Numai Tudorel cel mai mare jeg poate fi contra protocoalelor legale, precum \u0219i membri CEX-PSD. Ei trebuiau s\u0103 ajung\u0103 la Laura Codru\u021ba Kovesi \u0219i la Procurorul General Augustin Laz\u0103r. Nu puteau s\u0103-i acuze dec\u00e2t de ceva legal. Cu diversiunile lor comuniste vor s\u0103 ajung\u0103 p\u00e2n\u0103 la iad. E prea cuminte procurorul general Augustin Laz\u0103r, c\u0103 nu-l aresteaz\u0103 pe Tudorel \u0219i pe to\u021bi membri CEX-PSD. Jegul de Tudorel \u00eel caroteaz\u0103 pe la spate, dispun\u00e2nd o evaluare a procurorului Augustin Laz\u0103r. Evaluarea este tot abuziv\u0103 la comanda membrilor CEX-PSD. Acest jeg ordinar de Ministru al Justi\u021biei, Tudorel nu are nici o competen\u021b\u0103 s\u0103 dispun\u0103 el de la m\u0103-sa sau de la CEX-PSD evaluarea procurorului general. Pentru sanc\u021biuni disciplinare sau pentru eliberarea din func\u021bii a anumitor procurori generali sau magistra\u021bi e necesar\u0103 o investiga\u021bie din partea CSM. Tudorel a luat competen\u021ba CSM, \u00ee\u0219i face de cap \u00een fa\u021ba poporului rom\u00e2n \u0219i a altor institu\u021bii interna\u021bionale. Numai inspec\u021bia Judiciar\u0103 de procurori poate cerceta procurorii, nu Tudorel abuzivul abuzivilor.<\/p>\n<figure id=\"attachment_5693\" aria-describedby=\"caption-attachment-5693\" style=\"width: 400px\" class=\"wp-caption aligncenter\"><a href=\"http:\/\/www.editiespecialapress.ro\/wp\/wp-content\/uploads\/2018\/09\/Sediul-PSD-unde-se-fac-ordinele-pentru-Tudorel.jpg\"><img loading=\"lazy\" decoding=\"async\" class=\"size-medium wp-image-5693\" src=\"http:\/\/www.editiespecialapress.ro\/wp\/wp-content\/uploads\/2018\/09\/Sediul-PSD-unde-se-fac-ordinele-pentru-Tudorel-400x250.jpg\" alt=\"\" width=\"400\" height=\"250\" \/><\/a><figcaption id=\"caption-attachment-5693\" class=\"wp-caption-text\">Sediul PSD unde se fac ordinele pentru Tudorel<\/figcaption><\/figure>\n<p>R\u0103spunderea disciplinar\u0103, constituirea abaterii disciplinare. Legea 303\/2004 art.99, alin(1), litera h. Exercitarea func\u021biei cu rea credin\u021b\u0103 sau grav\u0103 neglijen\u021b\u0103. Competen\u021ba revine inspectorilor procurori din cadrul CSM, nu lui Tudorel jegul jegurilor.<\/p>\n<p>Legea 304\/2004, privind Organizarea Judiciar\u0103.<\/p>\n<p>Art.69 alin 2 din legea 304|2004.<\/p>\n<p><em>\u201eControlul const\u0103 \u00een verificarea eficien\u021bei manageriale, a modului \u00een care procurorii \u00ee\u0219i \u00eendeplinesc atribu\u021biile de serviciu. Controlul nu poate viza m\u0103sur\u0103rile dispuse de procuror \u00een cursul urm\u0103ririi penale \u0219i solu\u021biile adoptate\u201d. <\/em><\/p>\n<figure id=\"attachment_5689\" aria-describedby=\"caption-attachment-5689\" style=\"width: 243px\" class=\"wp-caption alignleft\"><a href=\"http:\/\/www.editiespecialapress.ro\/wp\/wp-content\/uploads\/2018\/09\/Codrin-\u0218tef\u0103nescu-o-g\u00e2sc\u0103-bolnav\u0103-f\u0103r\u0103-func\u021bii-dar-are-tupeu-s\u0103-participe-la-ordine.jpg\"><img loading=\"lazy\" decoding=\"async\" class=\" wp-image-5689\" src=\"http:\/\/www.editiespecialapress.ro\/wp\/wp-content\/uploads\/2018\/09\/Codrin-\u0218tef\u0103nescu-o-g\u00e2sc\u0103-bolnav\u0103-f\u0103r\u0103-func\u021bii-dar-are-tupeu-s\u0103-participe-la-ordine-400x257.jpg\" alt=\"\" width=\"243\" height=\"159\" \/><\/a><figcaption id=\"caption-attachment-5689\" class=\"wp-caption-text\">Codrin \u0218tef\u0103nescu, o g\u00e2sc\u0103 bolnav\u0103 f\u0103r\u0103 func\u021bii dar are tupeu s\u0103 participe la ordine<\/figcaption><\/figure>\n<p>Tot inspectorii CSM au competen\u021b\u0103 s\u0103 dispun\u0103 sanc\u021biuni disciplinare nu Tudorel Comunistu. Tudorel Ministrul Justi\u021biei poate destitui din func\u021bie un magistrat sau pe procurorul general al Rom\u00e2niei numai \u00een cazul c\u00e2nd sec\u021bia de procurori inspectori din cadrul CSM hot\u0103r\u0103\u0219te asta, dup\u0103 aceea se pune in discu\u021bie \u00een plenul CSM. Se mai poate ataca la I.C.C.J sau la Curtea de Apel Bucure\u0219ti decizia CSM. Dup\u0103 decizia Cur\u021bii de Apel Bucure\u0219ti sau dup\u0103\u00a0 decizia I.C.C.J, Tudorel \u00ee\u0219i poate intra \u00een competen\u021b\u0103 pentru excluderea din magistratur\u0103 a vreunui magistrat sau pentru anumite sanc\u021biuni disciplinare. El are un articol de lege care \u00eei d\u0103 competen\u021b\u0103 s\u0103 dispun\u0103 revocarea din func\u021bie a anumitor procurori generali, procurori \u0219efi serviciu din cadrul DNA etc. Dar el nu poate s\u0103 evalueze direct un procuror general etc. p\u00e2n\u0103 nu are o hot\u0103r\u00e2re a plenului CSM sau o hot\u0103r\u00e2re a uneia dintre : Curtea de Apel Bucure\u0219ti sau a I.C.C J. Tudorel a luat competen\u0163a acestor institu\u021bii \u0219i a trecut direct la executat procurorii \u0219efi de serviciu din cadrul DNA sau pe Procurorul General Augustin Laz\u0103r. Din aceast\u0103 cauz\u0103 am solicitat si solicit\u0103m arestarea lui de c\u0103tre procurorii de la sec\u021bia de urm\u0103rire penal\u0103 \u0219i criminalistic\u0103 din cadrul Parchetului General. O s\u0103 sesiz\u0103m procurorul \u0219ef sec\u021bie pentru a demara cercet\u0103ri \u00eempotriva acestui Ministru abuziv etc. El nu vede nu aude, dec\u00e2t execut\u0103 ordinele membrilor CEX-PSD, dar \u00een acela\u0219i timp se \u00eembog\u0103\u021be\u0219te din mita grea pe care o \u00eencaseaz\u0103 de la membri CEX-PSD. Cum striga \u00een direct Codrin \u0218tef\u0103nescu: <em>\u201eTudorele vezi ce faci treze\u0219te-te \u0219.a.m.d<\/em><em>\u201d<\/em><em>. <\/em>To\u021bi membrii CEX \u00een frunte cu Liviu Dragnea \u00eel premiaz\u0103 cu sute de mii de euro la fiecare ac\u021biune abuziv\u0103. Se pomenesc procurorii cu Tudorel, de se mirau \u0219i \u00een somn ce au cu ei. Numai noi \u00eei putem informa sigur \u0219i eficient.<\/p>\n<figure id=\"attachment_5692\" aria-describedby=\"caption-attachment-5692\" style=\"width: 244px\" class=\"wp-caption alignright\"><a href=\"http:\/\/www.editiespecialapress.ro\/wp\/wp-content\/uploads\/2018\/09\/Procurorul-General-Augustin-Laz\u0103r-victima-CEX-ului-PSD.png\"><img loading=\"lazy\" decoding=\"async\" class=\" wp-image-5692\" src=\"http:\/\/www.editiespecialapress.ro\/wp\/wp-content\/uploads\/2018\/09\/Procurorul-General-Augustin-Laz\u0103r-victima-CEX-ului-PSD-347x300.png\" alt=\"\" width=\"244\" height=\"212\" \/><\/a><figcaption id=\"caption-attachment-5692\" class=\"wp-caption-text\">Procurorul General Augustin Laz\u0103r, victima CEX-ului PSD<\/figcaption><\/figure>\n<p>Procurorii care de\u021bin func\u021bii mari trebuie s\u0103 ia m\u0103suri de a se ap\u0103ra \u0219i de a ac\u021biona ca cei mai bun profesioni\u0219ti \u00een cercet\u0103ri prin a le face dosar penal pentru toate \u00eenc\u0103lc\u0103rile legilor. Nu este de glum\u0103 cu CEX-ul PSD \u0219i cu Tudorel \u00cenaintare atac\u0103 precum Hitler. Ei se r\u0103zbuna pe procurorul general Augustin Laz\u0103r, deoarece i-a oferit fostei \u0219efe DNA un post de procuror \u00een cadrul Parchetului General. CEX-ul PSD ar fi vrut ca Kovesi s\u0103 plece din Bucure\u0219ti la un parchet cu grad minor. Le st\u0103 in g\u00e2t membrilor CEX-ului PSD, ar face orice s-o \u00eenl\u0103ture \u0219i din cadrul Parchetului General. Ei fiind bolnavi la cap, cred c\u0103 dac\u0103 l-au pus pe Tudorel s\u0103-l evalueze \u00een mod abuziv \u0219i f\u0103r\u0103 competen\u021b\u0103 pe procurorul general Augustin Laz\u0103r le iese pasen\u021ba. Sunt at\u00e2t de demen\u021bi \u00eenc\u00e2t pentru ei nu exist\u0103 legi \u0219i pedepse. Au dat de procurori cumin\u021bi care le suport\u0103 toate mizeriile. Nu este bine tot ceea ce fac aceste jeguri PSD. Ce s\u0103 vad\u0103 poporul la ei, numai infrac\u021biuni, laud\u0103 pe posturile de cas\u0103. Au tupeu de comuni\u0219ti, \u00eei sprijin\u0103 Antena 3 \u0219i RTV posturile de cas\u0103 ale PSD.\u00a0 Ce dejec\u021bii de PSD-i\u0219ti Anteni\u0219ti \u0219i Ertevi\u0219ti.<\/p>\n<p>To\u021bi trebuie aresta\u021bi, lucreaz\u0103 \u00een grup organizat, ac\u021bioneaz\u0103 \u00eempotriva procurorilor care \u0219i-au f\u0103cut treaba \u0219i-au b\u0103gat buget greu la stat. Solicit\u0103m sesizarea din oficiu a procurorului \u0219ef serviciu din cadrul DNA-Bucure\u0219ti, precum \u0219i sesizarea din oficiu a procurorului \u0219ef sec\u021bie de urm\u0103rire penal\u0103 \u0219i criminalistic\u0103 din cadrul Parchetului General.<\/p>\n<p style=\"text-align: right;\">Articol de Costin Grigoroiu<\/p>\n<p>&nbsp;<\/p>\n<p>&nbsp;<\/p>\n<p>&nbsp;<\/p>\n<p>&nbsp;<\/p>\n<p>&nbsp;<\/p>\n","protected":false},"excerpt":{"rendered":"<p>Jegul Justi\u021biei Rom\u00e2ne Tudorel Toader, execut\u0103 ordinele CEX-PSD, \u00eei linge t\u0103lpile lui Liviu Dragnea \u0219i ale tuturor membrilor CEX-PSD Dragii no\u0219tri cititori, continu\u0103m \u00een aceast\u0103 edi\u021bie cu cel mai mare jeg de Ministru, Tudorel Toader, protocoalele \u00eentre institu\u021bii legale nu sunt bune la CEX-ul PSD. Ministrul Justi\u021biei Rom\u00e2ne Tudorel Toader e cel mai mare jeg [&hellip;]<\/p>\n","protected":false},"author":2,"featured_media":5690,"comment_status":"closed","ping_status":"open","sticky":false,"template":"","format":"standard","meta":{"footnotes":""},"categories":[2],"tags":[797,798,799,275,800,801,309],"class_list":{"0":"post-5688","1":"post","2":"type-post","3":"status-publish","4":"format-standard","5":"has-post-thumbnail","7":"category-ancheta","8":"tag-augustin-lazar","9":"tag-codrin-stefanescu","10":"tag-dna","11":"tag-liviu-dragnea","12":"tag-psd-cex","13":"tag-sediul-psd","14":"tag-tudorel-toader"},"_links":{"self":[{"href":"https:\/\/www.editiespecialapress.ro\/newtest\/wp-json\/wp\/v2\/posts\/5688","targetHints":{"allow":["GET"]}}],"collection":[{"href":"https:\/\/www.editiespecialapress.ro\/newtest\/wp-json\/wp\/v2\/posts"}],"about":[{"href":"https:\/\/www.editiespecialapress.ro\/newtest\/wp-json\/wp\/v2\/types\/post"}],"author":[{"embeddable":true,"href":"https:\/\/www.editiespecialapress.ro\/newtest\/wp-json\/wp\/v2\/users\/2"}],"replies":[{"embeddable":true,"href":"https:\/\/www.editiespecialapress.ro\/newtest\/wp-json\/wp\/v2\/comments?post=5688"}],"version-history":[{"count":0,"href":"https:\/\/www.editiespecialapress.ro\/newtest\/wp-json\/wp\/v2\/posts\/5688\/revisions"}],"wp:featuredmedia":[{"embeddable":true,"href":"https:\/\/www.editiespecialapress.ro\/newtest\/wp-json\/"}],"wp:attachment":[{"href":"https:\/\/www.editiespecialapress.ro\/newtest\/wp-json\/wp\/v2\/media?parent=5688"}],"wp:term":[{"taxonomy":"category","embeddable":true,"href":"https:\/\/www.editiespecialapress.ro\/newtest\/wp-json\/wp\/v2\/categories?post=5688"},{"taxonomy":"post_tag","embeddable":true,"href":"https:\/\/www.editiespecialapress.ro\/newtest\/wp-json\/wp\/v2\/tags?post=5688"}],"curies":[{"name":"wp","href":"https:\/\/api.w.org\/{rel}","templated":true}]}}