{"id":5698,"date":"2018-09-04T19:02:05","date_gmt":"2018-09-04T16:02:05","guid":{"rendered":"http:\/\/www.editiespecialapress.ro\/?p=5698"},"modified":"2018-09-04T19:02:05","modified_gmt":"2018-09-04T16:02:05","slug":"la-multi-ani-de-sfanta-maria-primaria-poiana-lacului-4","status":"publish","type":"post","link":"https:\/\/www.editiespecialapress.ro\/newtest\/2018\/09\/04\/la-multi-ani-de-sfanta-maria-primaria-poiana-lacului-4\/","title":{"rendered":"La mul\u021bi ani de Sf\u00e2nta Maria! &#8211; Prim\u0103ria Poiana Lacului"},"content":{"rendered":"<p>De Sf\u00e2nta Maria, zi de mare s\u0103rb\u0103toare, primi\u021bi din partea noastr\u0103 cele mai sincere ur\u00e2ri de bine, s\u0103n\u0103tate, mult noroc si \u00eemplinirea tuturor dorin\u021belor. \u00cen aceast\u0103 zi special\u0103, toate \u00eent\u00e2mpl\u0103rile frumoase s\u0103 v\u0103 \u00eenso\u0163easc\u0103 pretutindeni. V\u0103 dorim o zi de Sf\u00e2nta Maria c\u00e2t mai frumoas\u0103! S\u0103 se r\u0103sfr\u00e2ng\u0103 asupra voastr\u0103 toata bun\u0103tatea si dragostea izvor\u00e2te dintr-o inima mare. La mul\u021bi ani!<\/p>\n<p style=\"text-align: right;\"><strong>Prim\u0103ria Poiana Lacului (AG), <\/strong><\/p>\n<p style=\"text-align: right;\"><strong>Primar Dumitrache Ion \u00eempreun\u0103 cu angaja\u021bii Prim\u0103riei \u0219i Consiliul Local<\/strong><\/p>\n<p>&nbsp;<\/p>\n","protected":false},"excerpt":{"rendered":"<p>De Sf\u00e2nta Maria, zi de mare s\u0103rb\u0103toare, primi\u021bi din partea noastr\u0103 cele mai sincere ur\u00e2ri de bine, s\u0103n\u0103tate, mult noroc si \u00eemplinirea tuturor dorin\u021belor. \u00cen aceast\u0103 zi special\u0103, toate \u00eent\u00e2mpl\u0103rile frumoase s\u0103 v\u0103 \u00eenso\u0163easc\u0103 pretutindeni. V\u0103 dorim o zi de Sf\u00e2nta Maria c\u00e2t mai frumoas\u0103! S\u0103 se r\u0103sfr\u00e2ng\u0103 asupra voastr\u0103 toata bun\u0103tatea si dragostea izvor\u00e2te [&hellip;]<\/p>\n","protected":false},"author":2,"featured_media":5699,"comment_status":"closed","ping_status":"open","sticky":false,"template":"","format":"standard","meta":{"footnotes":""},"categories":[4],"tags":[],"class_list":{"0":"post-5698","1":"post","2":"type-post","3":"status-publish","4":"format-standard","5":"has-post-thumbnail","7":"category-felicitari"},"_links":{"self":[{"href":"https:\/\/www.editiespecialapress.ro\/newtest\/wp-json\/wp\/v2\/posts\/5698","targetHints":{"allow":["GET"]}}],"collection":[{"href":"https:\/\/www.editiespecialapress.ro\/newtest\/wp-json\/wp\/v2\/posts"}],"about":[{"href":"https:\/\/www.editiespecialapress.ro\/newtest\/wp-json\/wp\/v2\/types\/post"}],"author":[{"embeddable":true,"href":"https:\/\/www.editiespecialapress.ro\/newtest\/wp-json\/wp\/v2\/users\/2"}],"replies":[{"embeddable":true,"href":"https:\/\/www.editiespecialapress.ro\/newtest\/wp-json\/wp\/v2\/comments?post=5698"}],"version-history":[{"count":0,"href":"https:\/\/www.editiespecialapress.ro\/newtest\/wp-json\/wp\/v2\/posts\/5698\/revisions"}],"wp:featuredmedia":[{"embeddable":true,"href":"https:\/\/www.editiespecialapress.ro\/newtest\/wp-json\/"}],"wp:attachment":[{"href":"https:\/\/www.editiespecialapress.ro\/newtest\/wp-json\/wp\/v2\/media?parent=5698"}],"wp:term":[{"taxonomy":"category","embeddable":true,"href":"https:\/\/www.editiespecialapress.ro\/newtest\/wp-json\/wp\/v2\/categories?post=5698"},{"taxonomy":"post_tag","embeddable":true,"href":"https:\/\/www.editiespecialapress.ro\/newtest\/wp-json\/wp\/v2\/tags?post=5698"}],"curies":[{"name":"wp","href":"https:\/\/api.w.org\/{rel}","templated":true}]}}