{"id":571,"date":"2013-12-30T20:17:15","date_gmt":"2013-12-30T20:17:15","guid":{"rendered":"http:\/\/www.editiespecialapress.ro\/?p=571"},"modified":"2013-12-30T20:17:15","modified_gmt":"2013-12-30T20:17:15","slug":"gheorghe-stancu-primar-bascov-urare-2014","status":"publish","type":"post","link":"https:\/\/www.editiespecialapress.ro\/newtest\/2013\/12\/30\/gheorghe-stancu-primar-bascov-urare-2014\/","title":{"rendered":"Gheorghe Stancu, primar Bascov urare 2014"},"content":{"rendered":"<p>Dac\u0103 toat\u0103 lumea va dore\u015fte ca aceast\u0103 zi s\u0103 fie una minunat\u0103, noi va uram ca toate zilele ce urmeaz\u0103 s\u0103 fie pline de bucurii \u015fi realiz\u0103ri, astfel \u00eenc\u00e2t acest nou an s\u0103 va umple sufletul de voie bun\u0103! La mul\u0163i ani 2014!<\/p>\n<p style=\"text-align: right;\">Primaria Bascov Arges<br \/>\nPrimar Gheorghe Stancu<\/p>\n","protected":false},"excerpt":{"rendered":"<p>Dac\u0103 toat\u0103 lumea va dore\u015fte ca aceast\u0103 zi s\u0103 fie una minunat\u0103, noi va uram ca toate zilele ce urmeaz\u0103 s\u0103 fie pline de bucurii \u015fi realiz\u0103ri, astfel \u00eenc\u00e2t acest nou an s\u0103 va umple sufletul de voie bun\u0103! La mul\u0163i ani 2014! Primaria Bascov Arges Primar Gheorghe Stancu<\/p>\n","protected":false},"author":2,"featured_media":564,"comment_status":"closed","ping_status":"open","sticky":false,"template":"","format":"standard","meta":{"footnotes":""},"categories":[4],"tags":[],"class_list":{"0":"post-571","1":"post","2":"type-post","3":"status-publish","4":"format-standard","5":"has-post-thumbnail","7":"category-felicitari"},"_links":{"self":[{"href":"https:\/\/www.editiespecialapress.ro\/newtest\/wp-json\/wp\/v2\/posts\/571","targetHints":{"allow":["GET"]}}],"collection":[{"href":"https:\/\/www.editiespecialapress.ro\/newtest\/wp-json\/wp\/v2\/posts"}],"about":[{"href":"https:\/\/www.editiespecialapress.ro\/newtest\/wp-json\/wp\/v2\/types\/post"}],"author":[{"embeddable":true,"href":"https:\/\/www.editiespecialapress.ro\/newtest\/wp-json\/wp\/v2\/users\/2"}],"replies":[{"embeddable":true,"href":"https:\/\/www.editiespecialapress.ro\/newtest\/wp-json\/wp\/v2\/comments?post=571"}],"version-history":[{"count":0,"href":"https:\/\/www.editiespecialapress.ro\/newtest\/wp-json\/wp\/v2\/posts\/571\/revisions"}],"wp:featuredmedia":[{"embeddable":true,"href":"https:\/\/www.editiespecialapress.ro\/newtest\/wp-json\/wp\/v2\/media\/564"}],"wp:attachment":[{"href":"https:\/\/www.editiespecialapress.ro\/newtest\/wp-json\/wp\/v2\/media?parent=571"}],"wp:term":[{"taxonomy":"category","embeddable":true,"href":"https:\/\/www.editiespecialapress.ro\/newtest\/wp-json\/wp\/v2\/categories?post=571"},{"taxonomy":"post_tag","embeddable":true,"href":"https:\/\/www.editiespecialapress.ro\/newtest\/wp-json\/wp\/v2\/tags?post=571"}],"curies":[{"name":"wp","href":"https:\/\/api.w.org\/{rel}","templated":true}]}}