{"id":5761,"date":"2018-10-08T20:02:36","date_gmt":"2018-10-08T17:02:36","guid":{"rendered":"http:\/\/www.editiespecialapress.ro\/?p=5761"},"modified":"2018-10-08T20:02:36","modified_gmt":"2018-10-08T17:02:36","slug":"victor-ciutacu-redactor-sef-rtv-gadea-mihai-director-antena-3-o-plang-pe-infractoarea-elena-udrea-non-stop-liviu-dragnea-i-a-pus-gand-rau-presei-on-line","status":"publish","type":"post","link":"https:\/\/www.editiespecialapress.ro\/newtest\/2018\/10\/08\/victor-ciutacu-redactor-sef-rtv-gadea-mihai-director-antena-3-o-plang-pe-infractoarea-elena-udrea-non-stop-liviu-dragnea-i-a-pus-gand-rau-presei-on-line\/","title":{"rendered":"Victor Ciutacu redactor \u0219ef RTV, G\u00e2dea Mihai Director Antena 3, o pl\u00e2ng pe infractoarea Elena Udrea non stop Liviu Dragnea i-a pus g\u00e2nd r\u0103u presei on-line"},"content":{"rendered":"<p><strong>Victor Ciutacu \u0219i Mihai G\u00e2dea o pl\u00e2ng pe Elena Udrea non-stop, au motive , le-au dat sute de mii de euro, Liviu Dragnea vrea desfiin\u021barea presei on-line, pentru asta \u00ee\u0219i va lua pu\u0219c\u0103rie c\u00e2t cuprinde<\/strong><\/p>\n<p>Dragii no\u0219tri cititori, continu\u0103m \u00een aceast\u0103 edi\u021bie cu doi pl\u00e2ng\u0103cio\u0219i \u0219i cu un infractor nearestat care vrea desfiin\u021barea presei on-line.<\/p>\n<figure id=\"attachment_5768\" aria-describedby=\"caption-attachment-5768\" style=\"width: 258px\" class=\"wp-caption alignleft\"><a href=\"http:\/\/www.editiespecialapress.ro\/wp\/wp-content\/uploads\/2018\/10\/Victor-Ciutacu-infractor-pl\u00e2ng\u0103cios-1.jpg\"><img loading=\"lazy\" decoding=\"async\" class=\" wp-image-5768\" src=\"http:\/\/www.editiespecialapress.ro\/wp\/wp-content\/uploads\/2018\/10\/Victor-Ciutacu-infractor-pl\u00e2ng\u0103cios-1-400x257.jpg\" alt=\"\" width=\"258\" height=\"170\" \/><\/a><figcaption id=\"caption-attachment-5768\" class=\"wp-caption-text\">Victor Ciutacu, infractor pl\u00e2ng\u0103cios<\/figcaption><\/figure>\n<p>Elena Udrea \u0219i Alina Bica au fost arestate \u00een Costa Rica de c\u0103tre autorit\u0103\u021bi pentru a-\u0219i isp\u0103\u0219i pedepsele pronun\u021bate de Justi\u021bia Rom\u00e2n\u0103. Arestarea s-a f\u0103cut de c\u0103tre Agen\u021bii Judiciari ai Biroului Central Na\u021bional Interpol Costa Rica , \u00een colaborare cu oficiali ai Direc\u021biei de Informa\u021bii \u0219i Securitate Na\u021bional\u0103 din Costa Rica. Elena Udrea are de isp\u0103\u0219it o condamnare de 6 ani pentru luare de mit\u0103 \u0219i abuz \u00een serviciu din dosarul \u201eGala Bute\u201d. Elena Udrea \u0219i Alina Bica au primit mandate de arestare pentru dou\u0103 luni de zile. Cum le pl\u00e2ng\u00a0 cei doi infractori jurnali\u0219ti Ciutacu \u0219i G\u00e2dea \u00een direct pe Elena Udrea \u0219i pe Alina Bica. Cum au fost arestate cele dou\u0103 infractoare Bica \u0219i Udrea, Ciutacu \u0219i G\u00e2dea au ap\u0103rut imediat \u00een direct pe posturile Tv. Ace\u0219ti doi infractori au primit de la Alina Bica \u0219i Elena Udrea sute de mii de euro pentru a dezinforma opinia public\u0103 precum \u0219i pe judec\u0103torii care le-au judecat. Ele \u00ee\u0219i preg\u0103teau diversiunile acas\u0103 iar dup\u0103 aceea le \u00eenaintau infractorilor G\u00e2dea \u0219i Ciutacu. Ace\u0219tia le primeau la ei \u00een platou pentru a ap\u0103rea \u00een direct \u0219i de a-\u0219i sus\u021bine toate mizeriile\u00a0 de diversiuni.<\/p>\n<figure id=\"attachment_5762\" aria-describedby=\"caption-attachment-5762\" style=\"width: 263px\" class=\"wp-caption alignright\"><a href=\"http:\/\/www.editiespecialapress.ro\/wp\/wp-content\/uploads\/2018\/10\/G\u00e2dea-Mihai-infractor-\u00een-lacrimi-pentru-ministra-Udrea.jpg\"><img loading=\"lazy\" decoding=\"async\" class=\" wp-image-5762\" src=\"http:\/\/www.editiespecialapress.ro\/wp\/wp-content\/uploads\/2018\/10\/G\u00e2dea-Mihai-infractor-\u00een-lacrimi-pentru-ministra-Udrea-400x269.jpg\" alt=\"\" width=\"263\" height=\"180\" \/><\/a><figcaption id=\"caption-attachment-5762\" class=\"wp-caption-text\">G\u00e2dea Mihai, infractor \u00een lacrimi pentru ministra Udrea<\/figcaption><\/figure>\n<p>G\u00e2dea \u0219i Ciutacu se pricep la a\u0219a ceva, au fost instrui\u021bi de diferi\u021bi ofi\u021beri ai DIPI, fostul doi \u0219i un sfert. C\u00e2nd au auzit c\u0103 au fost arestate Bica \u0219i Udrea, au pl\u00e2ns \u0219i au programat o dezbatere \u00een direct, pentru a le favoriza din nou \u0219i de a le comp\u0103timi non-stop. Tot aceste dou\u0103 mizerii, ofi\u021beri acoperi\u021bi ai DIPI le-au \u00eenv\u0103\u021bat s\u0103 devin\u0103 cet\u0103\u021beni ai Costa Rica \u0219i s\u0103 renun\u021be la Rom\u00e2nia. C\u00e2t sunt de pro\u0219ti nu v\u0103 \u00eenchipui\u021bi, ei au crezut c\u0103 devin cet\u0103\u021beni \u00een Costa Rica \u0219i nu vor mai r\u0103spunde penal. Po\u021bi s\u0103 renun\u021bi la Rom\u00e2nia oric\u00e2nd, dar pu\u0219c\u0103ria pe care o ai de executat o faci f\u0103r\u0103 emo\u021bii. A\u0219a l-au \u00eenv\u0103\u021bat \u0219i pe Ghi\u021b\u0103 \u0219i pe primarul Maz\u0103re s\u0103 renun\u021be la cet\u0103\u021benia Rom\u00e2n\u0103 pentru a nu mai r\u0103spunde penal. Ce preg\u0103tire profesional\u0103 s\u0103 aibe G\u00e2dea \u0219i Ciutacu, sunt am\u00e2ndoi \u00een direct la posturile lor TV de tot rahatul. Cei doi pro\u0219ti G\u00e2dea \u0219i Ciutacu mai r\u0103u le fac la infractori, \u00eei pun s\u0103 fug\u0103 \u00een str\u0103in\u0103tate, repede \u00eei trimit s\u0103-\u0219i capete cet\u0103\u021benie \u00een statul \u00een care se afl\u0103. Oricum, ace\u0219ti doi infractori au luat bani grei de la Elena Udrea \u0219i Alina Bica. Acum le pl\u00e2ng de mil\u0103 \u00een direct, nu \u0219tiu cum s\u0103 le mai vaite, d\u0103 vina pe ofi\u021berii SIE \u0219i pe agen\u021bii anchetei Judiciare, Biroul Central Na\u021bional INTERPOL din Costa Rica, care au lucrat \u00een colaborare cu oficiali ai Direc\u021biei de Informa\u021bii \u0219i Securitate Na\u021bional\u0103 din Costa Rica.<\/p>\n<figure id=\"attachment_5763\" aria-describedby=\"caption-attachment-5763\" style=\"width: 263px\" class=\"wp-caption alignleft\"><a href=\"http:\/\/www.editiespecialapress.ro\/wp\/wp-content\/uploads\/2018\/10\/Liviu-Dragnea-infractorul-infractorilor-.jpg\"><img loading=\"lazy\" decoding=\"async\" class=\" wp-image-5763\" src=\"http:\/\/www.editiespecialapress.ro\/wp\/wp-content\/uploads\/2018\/10\/Liviu-Dragnea-infractorul-infractorilor--400x237.jpg\" alt=\"\" width=\"263\" height=\"159\" \/><\/a><figcaption id=\"caption-attachment-5763\" class=\"wp-caption-text\">Liviu Dragnea, infractorul infractorilor<\/figcaption><\/figure>\n<p>Acolo serviciile secrete lucreaz\u0103 cu toate institu\u021biile statului cum e normal \u0219i legal, numai \u00een Rom\u00e2nia to\u021bi infractorii PSD-ALDE \u0219i al\u021bii au blocat serviciile secrete pentru a nu mai putea s\u0103 lucreze \u0219i de a putea lua lini\u0219ti\u021bi PSD-i\u0219tii tot patrimoniul statului, precum \u0219i tot bugetul statului. Nesim\u021bi\u021bii, G\u00e2dea \u0219i Ciutacu dau vina pe ofi\u021berii SIE c\u0103 ar fi colaborat cu serviciile din Costa Rica. Ce treab\u0103 aveau ofi\u021berii SIE cu serviciile din Costa Rica?! Au vise frumoase G\u00e2dea \u0219i Ciutacu \u0219i al\u021bii pe care \u00eei invit\u0103 la dezbateri \u00een direct. Se vait\u0103 cele dou\u0103 dejec\u021bii c\u0103 judec\u0103torii din Costa Rica le-au dat dou\u0103 luni de p\u00e2rnaie lui Udrea \u0219i Bica. Dupa mintea lor, toat\u0103 lumea e de vin\u0103, numai Udrea \u0219i Bica sunt fete cumin\u021bi. I-a premiat pentru favorizarea lor pe tot timpul proceselor penale. Acum le-au s\u0103rit \u00een ajutor crez\u00e2nd c\u0103 vor putea ei s\u0103 le mai ajute cu ceva. Nu au cu ce s\u0103 le mai ajute ,poate s\u0103 le afunde mai bine. Ace\u0219tia sunt G\u00e2dea \u0219i Ciutacu, cei mai mari infractori care percep \u0219p\u0103gi de la infractori. Liviu Dragnea, pre\u0219edintele Camerei Deputa\u021bilor a fost informat de diferi\u021bi ofi\u021beri ai DIPI, c\u0103 unele publica\u021bii on-line ar fi sponzoritate din bani publici \u0219i din acest motiv trebuie desfiin\u021bat\u0103 presa on-line. Acest serviciu DIPI- MAI este constituit ilegal, mai au tupeu s\u0103 scrie pe site c\u0103 s-a confirmat \u00eenc\u0103 o data \u00eenfii\u021barea acestui serviciu de informa\u021bii MAI prin Ordonan\u021ba Ministrei Prun\u0103. Ei la acel timp f\u0103ceau parte din servicii speciale, articolul de lege a fost desfiin\u021bat prin hot\u0103r\u00e2rea CCR. La aceast\u0103 or\u0103 ei trebuiau s\u0103 fie desfiin\u021ba\u021bi \u0219i trimi\u0219i acas\u0103.<\/p>\n<figure id=\"attachment_5764\" aria-describedby=\"caption-attachment-5764\" style=\"width: 209px\" class=\"wp-caption alignright\"><a href=\"http:\/\/www.editiespecialapress.ro\/wp\/wp-content\/uploads\/2018\/10\/Ministra-Dan-infractoarea-infractoarelor.png\"><img loading=\"lazy\" decoding=\"async\" class=\" wp-image-5764\" src=\"http:\/\/www.editiespecialapress.ro\/wp\/wp-content\/uploads\/2018\/10\/Ministra-Dan-infractoarea-infractoarelor-256x300.png\" alt=\"\" width=\"209\" height=\"243\" \/><\/a><figcaption id=\"caption-attachment-5764\" class=\"wp-caption-text\">Ministra Dan, infractoarea infractoarelor<\/figcaption><\/figure>\n<p>Trebuiau \u00eenfii\u021bate alte organe de poli\u021bie judiciar\u0103 care au dreptul legal s\u0103 monitorizeze cet\u0103\u021benii conform OUG Prun\u0103. \u00cen OUG-Prun\u0103 nu se las\u0103 loc de interpretare pentru acest serviciu DIPI-doi \u0219i un sfert. Acest serviciu DIPI e sus\u021binut de Liviu Dragnea \u0219i de Ministra Dan \u00een totalitate ilegal. O s\u0103 r\u0103spund\u0103 penal at\u00e2t Liviu Dragnea precum \u0219i Ministra Dan. Liviu Dragnea a fost informat de acest serviciu constituit ilegal, c\u0103 unele publica\u021bii on-line ar primi banii publici. Noi \u00eei anun\u021b\u0103m c\u0103 banii publici pot intra la Societ\u0103\u021bile Comerciale pentru prest\u0103ri servicii de publicitate. Flau\u0219atul de Liviu Dragnea a g\u0103sit din nou o diversiune contra presei on-line.O s\u0103 \u00eei pupe \u00een fund pe to\u021bi jurnali\u0219tii de la publica\u021biile on-line. Nu poate desfiin\u021ba acest lache flau\u0219at de Teleorman, presa on-line. \u00cei stau \u00een g\u00e2t toate articolele \u00eempotriva lui. Dac\u0103 i se prezint\u0103 toate infrac\u021biuniile comise asta inseamn\u0103 s\u0103 programeze diversiuni \u00eempotriva presei on-line. Acest infractor Liviu Dragnea e cu un picior \u00een ANP \u0219i cu unul \u00een Camera Deputa\u021bilor. Mintea lui diabolic\u0103 ar dori ca, completul de cinci judec\u0103tori ai \u00ce.C.C.J s\u0103 fie desfiin\u021bat. Are o fric\u0103 \u00een el la Apel p\u00e2n\u0103 \u00een m\u0103duva oaselor, nu va sc\u0103pa necondamnat , \u00ee\u0219i va lua cel pu\u021bin cinci ani de \u00eenchisoare pentru nerecunoa\u0219tere a faptelor \u0219i pentru amenin\u021barea angajatelor fictive, dar \u0219i pentru instigare la abuz \u00een serviciu, furtul banului public etc. El mai are pu\u021bin de pedalat prin Camera Deputa\u021bilor, va pedala prin Rahova, Jilava etc. ani de zile. Nu-i ajunge acestui infractor, at\u00e2\u021bia bani fura\u021bi de la stat. C\u00e2t vrea s\u0103 mai fure \u021b\u0103r\u0103nu\u0219u, p\u00e2na la arestarea lui. E con\u0219tient c\u0103 va primi o condamnare mare cu \u00eenchisoare, nu-l poate ajuta nici Tudorel Minstrul Justi\u021biei, Politrucul.<\/p>\n<figure id=\"attachment_5766\" aria-describedby=\"caption-attachment-5766\" style=\"width: 400px\" class=\"wp-caption aligncenter\"><a href=\"http:\/\/www.editiespecialapress.ro\/wp\/wp-content\/uploads\/2018\/10\/Udrea-\u0219i-Bica-arestate-de-ofi\u021berii-Interpol.jpg\"><img loading=\"lazy\" decoding=\"async\" class=\"size-medium wp-image-5766\" src=\"http:\/\/www.editiespecialapress.ro\/wp\/wp-content\/uploads\/2018\/10\/Udrea-\u0219i-Bica-arestate-de-ofi\u021berii-Interpol-400x250.jpg\" alt=\"\" width=\"400\" height=\"250\" \/><\/a><figcaption id=\"caption-attachment-5766\" class=\"wp-caption-text\">Udrea \u0219i Bica arestate de ofi\u021berii Interpol<\/figcaption><\/figure>\n<p>\u00cel vor p\u0103r\u0103si to\u021bi \u0219i-l vor blestema, deoarece le-a f\u0103cut partidul PSD de r\u00e2s, \u0219i i-a t\u00e2r\u00e2t pe to\u021bi \u00een problemele lui cu legea . \u0218oarecele op\u0103rit Liviu Dragnea va r\u0103spunde penal pentru tot ce a furat, dar va r\u0103spunde penal \u0219i pentru func\u021bionarea acestui serviciu DIPI-MAI, ilegal. Le va trage pe toate cu Ministra\u00a0 Dan. Dan Carmen e o curv\u0103 nenorocit\u0103, care \u0219i-o trage cu mai mul\u021bi ofi\u021beri DIPI. Acestei curve \u00eei place func\u021bia de Ministru, dar o s\u0103-i placa \u0219i pu\u0219c\u0103ria \u00een ANP. Carmen Dan e dejec\u021bia M.A.I. .<\/p>\n<p style=\"text-align: right;\">Articol de Liviu Po\u0219irc\u0103<\/p>\n","protected":false},"excerpt":{"rendered":"<p>Victor Ciutacu \u0219i Mihai G\u00e2dea o pl\u00e2ng pe Elena Udrea non-stop, au motive , le-au dat sute de mii de euro, Liviu Dragnea vrea desfiin\u021barea presei on-line, pentru asta \u00ee\u0219i va lua pu\u0219c\u0103rie c\u00e2t cuprinde Dragii no\u0219tri cititori, continu\u0103m \u00een aceast\u0103 edi\u021bie cu doi pl\u00e2ng\u0103cio\u0219i \u0219i cu un infractor nearestat care vrea desfiin\u021barea presei on-line. [&hellip;]<\/p>\n","protected":false},"author":2,"featured_media":5765,"comment_status":"closed","ping_status":"open","sticky":false,"template":"","format":"standard","meta":{"footnotes":""},"categories":[2],"tags":[128,704,38,806,275,453,467],"class_list":{"0":"post-5761","1":"post","2":"type-post","3":"status-publish","4":"format-standard","5":"has-post-thumbnail","7":"category-ancheta","8":"tag-alina-bica","9":"tag-carmen-dan","10":"tag-elena-udrea","11":"tag-interpol","12":"tag-liviu-dragnea","13":"tag-mihai-gadea","14":"tag-victor-ciutacu"},"_links":{"self":[{"href":"https:\/\/www.editiespecialapress.ro\/newtest\/wp-json\/wp\/v2\/posts\/5761","targetHints":{"allow":["GET"]}}],"collection":[{"href":"https:\/\/www.editiespecialapress.ro\/newtest\/wp-json\/wp\/v2\/posts"}],"about":[{"href":"https:\/\/www.editiespecialapress.ro\/newtest\/wp-json\/wp\/v2\/types\/post"}],"author":[{"embeddable":true,"href":"https:\/\/www.editiespecialapress.ro\/newtest\/wp-json\/wp\/v2\/users\/2"}],"replies":[{"embeddable":true,"href":"https:\/\/www.editiespecialapress.ro\/newtest\/wp-json\/wp\/v2\/comments?post=5761"}],"version-history":[{"count":0,"href":"https:\/\/www.editiespecialapress.ro\/newtest\/wp-json\/wp\/v2\/posts\/5761\/revisions"}],"wp:featuredmedia":[{"embeddable":true,"href":"https:\/\/www.editiespecialapress.ro\/newtest\/wp-json\/"}],"wp:attachment":[{"href":"https:\/\/www.editiespecialapress.ro\/newtest\/wp-json\/wp\/v2\/media?parent=5761"}],"wp:term":[{"taxonomy":"category","embeddable":true,"href":"https:\/\/www.editiespecialapress.ro\/newtest\/wp-json\/wp\/v2\/categories?post=5761"},{"taxonomy":"post_tag","embeddable":true,"href":"https:\/\/www.editiespecialapress.ro\/newtest\/wp-json\/wp\/v2\/tags?post=5761"}],"curies":[{"name":"wp","href":"https:\/\/api.w.org\/{rel}","templated":true}]}}