{"id":5791,"date":"2018-10-29T00:13:38","date_gmt":"2018-10-28T21:13:38","guid":{"rendered":"http:\/\/www.editiespecialapress.ro\/?p=5791"},"modified":"2018-10-29T00:13:38","modified_gmt":"2018-10-28T21:13:38","slug":"infractori-procurori-care-favorizeaza-zeci-de-mii-de-infractori-periculosi-augustin-lazar-romulus-dan-varga-simona-moanga-sestacovschi-stoica-viorica-si-simionescu-verginica-toti-din-cadrul-secti","status":"publish","type":"post","link":"https:\/\/www.editiespecialapress.ro\/newtest\/2018\/10\/29\/infractori-procurori-care-favorizeaza-zeci-de-mii-de-infractori-periculosi-augustin-lazar-romulus-dan-varga-simona-moanga-sestacovschi-stoica-viorica-si-simionescu-verginica-toti-din-cadrul-secti\/","title":{"rendered":"Infractori procurori care favorizeaz\u0103 zeci de mii de infractori periculo\u0219i; Augustin Laz\u0103r, Romulus Dan Varga, Simona Moang\u0103 Sestacovschi, Stoica Viorica \u0219i Simionescu Verginica, to\u021bi din cadrul Sec\u021biei de urm\u0103rire penal\u0103 \u0219i criminalistic\u0103"},"content":{"rendered":"<p><strong>Cei mai mari\u00a0 infractori periculo\u0219i sunt : Procurorul General Augustin Laz\u0103r, procuror \u0219ef sec\u021bie Romulus Dan Varga, procuror Simona Moang\u0103 Sestacovschi, Stoica Viorica \u0219i Verginica Simionescu<\/strong><\/p>\n<p>Dragii no\u0219tri cititori continu\u0103m \u00een aceast\u0103 edi\u021bie cu cei mai mari infractori procurori din cadrul Parchetului General.<\/p>\n<figure id=\"attachment_5792\" aria-describedby=\"caption-attachment-5792\" style=\"width: 238px\" class=\"wp-caption alignleft\"><a href=\"http:\/\/www.editiespecialapress.ro\/wp\/wp-content\/uploads\/2018\/10\/Laz\u0103r-Augustin-cel-mai-mare-infractor-favorizator-de-f\u0103ptuitori.jpg\"><img loading=\"lazy\" decoding=\"async\" class=\" wp-image-5792\" src=\"http:\/\/www.editiespecialapress.ro\/wp\/wp-content\/uploads\/2018\/10\/Laz\u0103r-Augustin-cel-mai-mare-infractor-favorizator-de-f\u0103ptuitori-400x240.jpg\" alt=\"\" width=\"238\" height=\"148\" \/><\/a><figcaption id=\"caption-attachment-5792\" class=\"wp-caption-text\">Laz\u0103r Augustin cel mai mare infractor, favorizator de f\u0103ptuitori<\/figcaption><\/figure>\n<p>Augustin Laz\u0103r, Simona Moang\u0103 Sestacovschi, Dan Varga Romulus, Viorica Stoica \u0219i Simionescu Verginica favorizeaz\u0103 non-stop infractori foarte periculo\u0219i cu infrac\u021biuni de : represiune nedreapta, abuz \u00een serviciu, arest\u0103ri ilegale, \u00eenc\u0103lcarea Conven\u021biei pentru ap\u0103rarea Drepturilor Omului etc. Aceste scursuri ale societ\u0103\u021bii nu vor s\u0103 trimit\u0103 \u00een judecat\u0103 procurori, judec\u0103tori, avoca\u021bi, politicieni \u0219.a.m.d. Jegurile de procurori sunt pu\u0219i pe func\u021bii de diferi\u021bi judec\u0103tori din Cadrul CSM sau de politicieni care au rela\u021bii la CSM, ob\u021bin concursurile pe care le dau la solicit\u0103rile ereticului Pre\u0219edinte Iohannis. Ereticul Pre\u0219edinte Iohannis \u0219i-a pus procurorul general de tot rahatul, acest procuror general \u0219i-a adus \u00een Parchetul General zeci de pr\u0103p\u0103di\u021bi procurori ca \u0219i el. La \u0219edin\u021bele infractorilor procurori le spunea Augustin Laz\u0103r: \u201d B\u0103i, politrucii \u0103\u0219tia vor s\u0103 ne arest\u0103m \u00eentre noi. Asta s-o cread\u0103 ei ! \u201d. Dac\u0103 acest procuror general le spunea infractorilor procurori a\u0219a ceva,ce cercet\u0103ri s\u0103 mai fac\u0103 jegurile de procurori \u00eempotriva procurorilor, judec\u0103torilor etc. Ministrul Justi\u021biei Tudorel Toader are dreptate, cu excluderea lui de la Parchetul General. Pe\u0219tele de la cap se \u00eempute, Augustin Laz\u0103r pute tot. Procurorul \u0219ef sec\u021bie Romulus Dan Varga e cel mai mare infractor, acesta favorizeaz\u0103 infractori sute de mii pe an. Trebuie cercetat \u0219i arestat pentru favorizarea f\u0103ptuitorilor sute de mii pe an.<\/p>\n<figure id=\"attachment_5795\" aria-describedby=\"caption-attachment-5795\" style=\"width: 194px\" class=\"wp-caption alignright\"><a href=\"http:\/\/www.editiespecialapress.ro\/wp\/wp-content\/uploads\/2018\/10\/Varga-Dan-jegul-jegurilor-cel-mai-mare-infractor-favorizator-de-f\u0103ptuitori.jpg\"><img loading=\"lazy\" decoding=\"async\" class=\"size-medium wp-image-5795\" src=\"http:\/\/www.editiespecialapress.ro\/wp\/wp-content\/uploads\/2018\/10\/Varga-Dan-jegul-jegurilor-cel-mai-mare-infractor-favorizator-de-f\u0103ptuitori-194x300.jpg\" alt=\"\" width=\"194\" height=\"300\" \/><\/a><figcaption id=\"caption-attachment-5795\" class=\"wp-caption-text\">Varga Dan, jegul jegurilor, cel mai mare infractor, favorizator de f\u0103ptuitori<\/figcaption><\/figure>\n<p>Cine s\u0103-i mai cerceteze pe infractorii lui procurori. Directorul publica\u021biei noastre Iulian Ratea, le-a f\u0103cut o pl\u00e2ngere penal\u0103 pentru favorizarea f\u0103ptuitorilor \u0219i abuz \u00een serviciu, procurorilor Romulus Dan Varga \u0219i lui Viorica Stoica. Pe ace\u0219tia i-a cercetat cea mai mare infractoare de procuroare Simona Moang\u0103 Sestacovschi. Aceast\u0103 jegoas\u0103 at\u00e2t pe interior precum \u0219i pe exterior a \u021binut dosarul circa un an \u0219i \u0219ase luni, chipurile c\u0103 iar cerceta pe Stoica \u0219i Varga. Jegoasa de procuroare s-a f\u0103cut c\u0103 verific\u0103 toate cele sesizate de directorul Iulian Ratea, a sesizat c\u0103 ace\u0219ti doi infractori Varga \u0219i Stoica se fac vinova\u021bi de s\u0103v\u00e2r\u0219irea infrac\u021biunilor de favorizare a f\u0103ptuitorilor, abuz \u00een serviciu, \u00eenc\u0103lcarea Conven\u021biei pentru ap\u0103rarea Drepturilor Omului. La presiunile lui Laz\u0103r \u0219i la presiunile lui Varga a cedat jegoasa \u0219i a dispus clasarea cauzei. Din informa\u021biile noastre a reie\u0219it c\u0103 o are la m\u00e2n\u0103 cu ceva Laz\u0103r \u0219i Varga. Oricum nu putea ea ca procuror inferior s\u0103 le fac\u0103 rechizitoriu lui Varga \u0219i Stoica. Legea asta impune c\u0103, procurorul de cercetare penal\u0103 trebuie s\u0103-i cerceteze at\u00e2t pe \u0219efii lor precum \u0219i pe colegii lor. Laz\u0103r \u0219i Varga au dat dovad\u0103 \u00eenc\u0103 o dat\u0103 c\u0103 ei sunt mai presus de lege, nu pot fi cerceta\u021bi de inferiorii lor \u0219i nici at\u00e2t trimi\u0219i \u00een judecat\u0103 de inferiorii, pro\u0219tii lor. Pr\u0103p\u0103dita de Simona Moang\u0103 Sestacovschi a \u00eencercat \u00een prim\u0103 faz\u0103 s\u0103 se dea la ei, dar av\u00e2nd-o cu ceva la m\u00e2n\u0103 s-a \u00eenmuiat ca marmelada la c\u0103ldur\u0103. To\u021bi se au la m\u00e2n\u0103 cu ceva, a\u0219a c\u0103 nici un procuror din cadrul Parchetului General, nu-i va cerceta niciodat\u0103\u00a0 pe procurori sau judec\u0103tori, nici at\u00e2t s\u0103-i trimit\u0103 \u00een judecat\u0103, legile spun clar, Conven\u021bii pentru ap\u0103rarea Drepturilor Omului interzice abuzul etc.<\/p>\n<figure id=\"attachment_5797\" aria-describedby=\"caption-attachment-5797\" style=\"width: 181px\" class=\"wp-caption alignleft\"><a href=\"http:\/\/www.editiespecialapress.ro\/wp\/wp-content\/uploads\/2018\/10\/Viorica-Stocia-cea-mai-jegoas\u0103-procuroare-favorizatoare-de-infractori-non-stop-.jpg\"><img loading=\"lazy\" decoding=\"async\" class=\" wp-image-5797\" src=\"http:\/\/www.editiespecialapress.ro\/wp\/wp-content\/uploads\/2018\/10\/Viorica-Stocia-cea-mai-jegoas\u0103-procuroare-favorizatoare-de-infractori-non-stop--217x300.jpg\" alt=\"\" width=\"181\" height=\"246\" \/><\/a><figcaption id=\"caption-attachment-5797\" class=\"wp-caption-text\">Viorica Stocia cea mai jegoas\u0103 procuroare, favorizatoare de infractori non-stop<\/figcaption><\/figure>\n<p>Chiar dac\u0103 se va \u00eenfiin\u021ba sec\u021bia de procurori \u00een cadrul Parchetului General, se vor strecura \u0219i aceste mizerii corupte ca Varga, Sestacovschi Stoica \u0219i Simionescu. Bandi\u021bii de procurori infractori \u00ee\u0219i trimit nemernicii ca ace\u0219tia pentru a strica toat\u0103 sec\u021bia de procurori. Deja au pus la cale aceast\u0103 m\u0103g\u0103rie. Le e fric\u0103 infractorilor procurori c\u0103-i va aresta pentru favoriz\u0103ri de f\u0103ptuitori milioane. Demonii vor s\u0103 fac\u0103 \u0219i ei parte din sec\u021bia de procurori care va cerceta judec\u0103torii \u0219i procurorii abuzivi, favorizatori de f\u0103ptuitori etc. Ministrul Tudorel Toader trebuie s\u0103 nu-i lase pe ace\u0219ti infractori de procurori s\u0103 p\u0103trund\u0103 \u00een cadrul sec\u021biei de procurori. Oricum ei se laud\u0103 c\u0103 vor ajunge colegi de-ai lor \u015fi \u00eei vor sc\u0103pa de r\u0103spunderea penal\u0103 pe to\u0163i infractorii de la sec\u0163ia de urm\u0103rire penal\u0103 \u015fi criminalistic\u0103. Simonei Moang\u0103 Sestacovschi i-a fost fric\u0103 de ace\u015fti infractori Varga \u015fi Laz\u0103r, a scris \u00een Ordonan\u021ba de clasare numai diversiuni, de\u0219i probele din dosar reflect\u0103 infrac\u021biuni grave. Reflec\u021bia Simonei Moang\u0103 a fost frica de ei \u0219i favorizarea f\u0103ptuitorilor. Deja directorul Iulian Ratea i-a spus, c\u0103 e pe dos s\u0103 cerceteze ea pe \u0219eful ei \u0219i pe colega ei. Ea a spus c\u0103 nu-i nici o problem\u0103, \u0219tie ea ce are de f\u0103cut. S-a g\u00e2ndit cum s\u0103-i favorizeze pe ace\u0219ti doi infractori Varga \u0219i Stoica. Directorul Iulian Ratea \u00eei va face pl\u00e2ngere penal\u0103 at\u00e2t ei ,precum \u0219i lui Varga \u0219i Stoica, pentru a r\u0103spunde penal. Procurori din cadrul Parchetului General se au la m\u00e2n\u0103 unii pe al\u021bii, se \u0219antajeaz\u0103 \u00eentre ei a\u0219a c\u0103 nu vor trimite \u00een judecat\u0103 niciodat\u0103 vreun procuror sau vreun judec\u0103tor.<\/p>\n<figure id=\"attachment_5796\" aria-describedby=\"caption-attachment-5796\" style=\"width: 214px\" class=\"wp-caption alignright\"><a href=\"http:\/\/www.editiespecialapress.ro\/wp\/wp-content\/uploads\/2018\/10\/Verginica-Simionescu-jegul-jegurilor-dejec\u021bia-dejec\u021biilor.jpg\"><img loading=\"lazy\" decoding=\"async\" class=\" wp-image-5796\" src=\"http:\/\/www.editiespecialapress.ro\/wp\/wp-content\/uploads\/2018\/10\/Verginica-Simionescu-jegul-jegurilor-dejec\u021bia-dejec\u021biilor-284x300.jpg\" alt=\"\" width=\"214\" height=\"225\" \/><\/a><figcaption id=\"caption-attachment-5796\" class=\"wp-caption-text\">Verginica Simionescu, jegul jegurilor, dejec\u021bia dejec\u021biilor<\/figcaption><\/figure>\n<p>\u00ce\u0219i fac servicii \u00eentre ei, o \u021bin tare cu diversiuni \u00een Ordonan\u021bele de clasare a cauzelor. \u0162ip\u0103 Tudorel Toader, Ministrul Justi\u0163iei: \u201evor r\u0103spunde to\u0163i magistra\u0163ii pentru fapte administrative \u015fi pentru fapte penale\u201d. Are dreptate acest Ministru de Justi\u021bie, trebuie s\u0103 \u021bipe mai tare poate se vor trezi to\u021bi procurorii mor\u021bi din Parchetul General. Moartea nu-i mai ia, i-a l\u0103sat pe capul poporului.\u00a0 Ar fi trebuit incinerate toate aceste mizerii. Dac\u0103 ar fi fost ei \u00een SUA, \u00ee\u0219i primeau scaunul electric sau injec\u021bia letal\u0103. \u00cen Rom\u00e2nia e boierie, face mi\u0219to de tot poporul, \u00ee\u0219i bat joc de dosarele poporului \u00eentr-un cuv\u00e2nt se \u0219terg cu dosarele la fund. Credem c\u0103 procurorii \u0219i judec\u0103torii \u00een Rom\u00e2nia ar face cercet\u0103ri \u0219i judec\u0103\u021bi corecte, numai \u00een cazul c\u00e2nd ar fi dat\u0103 o lege pentru incinerarea robelor care distrug cet\u0103\u021benii Rom\u00e2niei. C\u00e2\u0163i au omor\u00e2t ei cu dosare f\u0103c\u0103turi sau cu favoriz\u0103ri de f\u0103ptuitori, sute de mii \u00een decursul a 30 de ani. Dac\u0103 nu se va r\u0103zbuna poporul pe ei, vor sta bine mersi ca la pensiune, picior peste picior etc. Procurorii din cadrul Parchetului General sunt to\u021bi jeguri de jeguri, po\u0163i s\u0103 le dai legi pentru r\u0103spundere administrativ\u0103 \u015fi r\u0103spundere penal\u0103 non-stop, n-or s\u0103 se bage \u00een pu\u015fc\u0103rie unii pe al\u0163ii niciodat\u0103. Se vor b\u0103ga \u00een pu\u0219c\u0103rie unul pe altul numai dac\u0103 ar veni judec\u0103tori \u0219i procurori nem\u021bi sau ru\u0219i. Acest aluat de magistra\u0163i de rahat nu a mai \u00eent\u00e2lnit p\u0103m\u00e2ntul, dar\u0103mite poporul. Po\u021bi s\u0103-i publici non-stop, ei nu reac\u021bioneaz\u0103 la nimic sunt demoni \u00eentruchipa\u021bi \u00een robe. Vai \u0219i amar care apuc\u0103 cu dosare la ace\u0219ti infractori din cadrul Parchetului General.<\/p>\n<figure id=\"attachment_5794\" aria-describedby=\"caption-attachment-5794\" style=\"width: 396px\" class=\"wp-caption aligncenter\"><a href=\"http:\/\/www.editiespecialapress.ro\/wp\/wp-content\/uploads\/2018\/10\/Procuratura-General\u0103-distrus\u0103-de-procurori-nenoroci\u021bi-f\u0103cut\u0103-de-tot-r\u00e2sul.jpg\"><img loading=\"lazy\" decoding=\"async\" class=\"size-medium wp-image-5794\" src=\"http:\/\/www.editiespecialapress.ro\/wp\/wp-content\/uploads\/2018\/10\/Procuratura-General\u0103-distrus\u0103-de-procurori-nenoroci\u021bi-f\u0103cut\u0103-de-tot-r\u00e2sul-396x300.jpg\" alt=\"\" width=\"396\" height=\"300\" \/><\/a><figcaption id=\"caption-attachment-5794\" class=\"wp-caption-text\">Procuratura General\u0103 distrus\u0103 de procurori nenoroci\u021bi, f\u0103cut\u0103 de tot r\u00e2sul<\/figcaption><\/figure>\n<p>Ei lucreaz\u0103 doar la comand\u0103 politic\u0103 sau \u0219antaja\u021bi, despre \u0219p\u0103gi nu se mai pune problema. O procuratur\u0103 general\u0103 de tot rahatul, \u00ee\u0219i bat joc jegurile de to\u021bi cet\u0103\u021benii Rom\u00e2niei, se bucur\u0103 de relele pe care le fac p\u00e2n\u0103 le vom da \u00een cap. To\u021bi trebuie s\u0103 plece din aceast\u0103 Procuratur\u0103 General\u0103, nu trebuie s\u0103 mai r\u0103m\u00e2n\u0103 pui de demon. La pu\u0219c\u0103rie, \u201edemonilor \u00een robe!\u201d<\/p>\n<p style=\"text-align: right;\">Articol de Po\u0219irc\u0103 Liviu<\/p>\n<p>&nbsp;<\/p>\n<p>&nbsp;<\/p>\n","protected":false},"excerpt":{"rendered":"<p>Cei mai mari\u00a0 infractori periculo\u0219i sunt : Procurorul General Augustin Laz\u0103r, procuror \u0219ef sec\u021bie Romulus Dan Varga, procuror Simona Moang\u0103 Sestacovschi, Stoica Viorica \u0219i Verginica Simionescu Dragii no\u0219tri cititori continu\u0103m \u00een aceast\u0103 edi\u021bie cu cei mai mari infractori procurori din cadrul Parchetului General. Augustin Laz\u0103r, Simona Moang\u0103 Sestacovschi, Dan Varga Romulus, Viorica Stoica \u0219i Simionescu [&hellip;]<\/p>\n","protected":false},"author":2,"featured_media":5793,"comment_status":"closed","ping_status":"open","sticky":false,"template":"","format":"standard","meta":{"footnotes":""},"categories":[2],"tags":[797,639,816,611,309,817],"class_list":{"0":"post-5791","1":"post","2":"type-post","3":"status-publish","4":"format-standard","5":"has-post-thumbnail","7":"category-ancheta","8":"tag-augustin-lazar","9":"tag-romulus-dan-varga","10":"tag-simona-moanga-sestacovschi","11":"tag-stoica-viorica","12":"tag-tudorel-toader","13":"tag-verginica-simionescu"},"_links":{"self":[{"href":"https:\/\/www.editiespecialapress.ro\/newtest\/wp-json\/wp\/v2\/posts\/5791","targetHints":{"allow":["GET"]}}],"collection":[{"href":"https:\/\/www.editiespecialapress.ro\/newtest\/wp-json\/wp\/v2\/posts"}],"about":[{"href":"https:\/\/www.editiespecialapress.ro\/newtest\/wp-json\/wp\/v2\/types\/post"}],"author":[{"embeddable":true,"href":"https:\/\/www.editiespecialapress.ro\/newtest\/wp-json\/wp\/v2\/users\/2"}],"replies":[{"embeddable":true,"href":"https:\/\/www.editiespecialapress.ro\/newtest\/wp-json\/wp\/v2\/comments?post=5791"}],"version-history":[{"count":0,"href":"https:\/\/www.editiespecialapress.ro\/newtest\/wp-json\/wp\/v2\/posts\/5791\/revisions"}],"wp:featuredmedia":[{"embeddable":true,"href":"https:\/\/www.editiespecialapress.ro\/newtest\/wp-json\/"}],"wp:attachment":[{"href":"https:\/\/www.editiespecialapress.ro\/newtest\/wp-json\/wp\/v2\/media?parent=5791"}],"wp:term":[{"taxonomy":"category","embeddable":true,"href":"https:\/\/www.editiespecialapress.ro\/newtest\/wp-json\/wp\/v2\/categories?post=5791"},{"taxonomy":"post_tag","embeddable":true,"href":"https:\/\/www.editiespecialapress.ro\/newtest\/wp-json\/wp\/v2\/tags?post=5791"}],"curies":[{"name":"wp","href":"https:\/\/api.w.org\/{rel}","templated":true}]}}