{"id":5879,"date":"2018-12-15T20:10:16","date_gmt":"2018-12-15T17:10:16","guid":{"rendered":"http:\/\/www.editiespecialapress.ro\/?p=5879"},"modified":"2018-12-15T20:10:16","modified_gmt":"2018-12-15T17:10:16","slug":"craciun-fericit-primaria-balilesti-2","status":"publish","type":"post","link":"https:\/\/www.editiespecialapress.ro\/newtest\/2018\/12\/15\/craciun-fericit-primaria-balilesti-2\/","title":{"rendered":"Cr\u0103ciun Fericit! &#8211; Prim\u0103ria B\u0103lile\u0219ti"},"content":{"rendered":"<p>Farmecul zilelor de Cr\u0103ciun s\u0103 v\u0103 \u00eensufle\u0163easc\u0103 \u015fi s\u0103 v\u0103 lumineze toat\u0103 fiin\u0163a! Bucura\u021bi-v\u0103 de adev\u0103rata semnifica\u0163ie a acestei s\u0103rb\u0103tori al\u0103turi de to\u0163i cei pe care \u00eei iubi\u021bi! Fie ca aroma de brad, portocala, colindele, cozonacul cald \u0219i mirosul de iarn\u0103 s\u0103 v\u0103 umple inimile de bucurie \u015fi sufletele de lini\u015fte.<\/p>\n<p><strong><em>\u00a0\u00a0\u00a0\u00a0\u00a0\u00a0\u00a0\u00a0\u00a0\u00a0\u00a0\u00a0\u00a0\u00a0\u00a0\u00a0\u00a0\u00a0\u00a0\u00a0\u00a0\u00a0\u00a0\u00a0\u00a0\u00a0\u00a0\u00a0\u00a0\u00a0\u00a0\u00a0\u00a0\u00a0\u00a0\u00a0\u00a0\u00a0\u00a0\u00a0\u00a0\u00a0\u00a0\u00a0\u00a0\u00a0\u00a0\u00a0\u00a0\u00a0\u00a0\u00a0\u00a0\u00a0\u00a0\u00a0\u00a0\u00a0\u00a0\u00a0\u00a0\u00a0\u00a0\u00a0\u00a0\u00a0\u00a0\u00a0\u00a0\u00a0\u00a0\u00a0\u00a0\u00a0\u00a0\u00a0\u00a0\u00a0\u00a0\u00a0\u00a0\u00a0\u00a0\u00a0\u00a0\u00a0\u00a0\u00a0\u00a0\u00a0\u00a0\u00a0\u00a0\u00a0\u00a0\u00a0\u00a0\u00a0\u00a0\u00a0\u00a0\u00a0\u00a0\u00a0\u00a0\u00a0\u00a0\u00a0\u00a0\u00a0\u00a0\u00a0\u00a0\u00a0\u00a0\u00a0\u00a0\u00a0\u00a0\u00a0\u00a0\u00a0\u00a0\u00a0\u00a0\u00a0\u00a0\u00a0\u00a0\u00a0\u00a0\u00a0\u00a0\u00a0\u00a0\u00a0\u00a0\u00a0\u00a0\u00a0\u00a0\u00a0\u00a0\u00a0\u00a0\u00a0\u00a0 Cr\u0103ciun fericit! <\/em><\/strong><\/p>\n<p><strong><em>Prim\u0103ria B\u0103lile\u0219ti AG,primar Turturic\u0103 Victor C\u0103t\u0103lin,\u00a0 \u00eempreun\u0103 cu angaja\u021bii prim\u0103riei \u0219i consiliul local<\/em><\/strong><\/p>\n","protected":false},"excerpt":{"rendered":"<p>Farmecul zilelor de Cr\u0103ciun s\u0103 v\u0103 \u00eensufle\u0163easc\u0103 \u015fi s\u0103 v\u0103 lumineze toat\u0103 fiin\u0163a! Bucura\u021bi-v\u0103 de adev\u0103rata semnifica\u0163ie a acestei s\u0103rb\u0103tori al\u0103turi de to\u0163i cei pe care \u00eei iubi\u021bi! Fie ca aroma de brad, portocala, colindele, cozonacul cald \u0219i mirosul de iarn\u0103 s\u0103 v\u0103 umple inimile de bucurie \u015fi sufletele de lini\u015fte. \u00a0\u00a0\u00a0\u00a0\u00a0\u00a0\u00a0\u00a0\u00a0\u00a0\u00a0\u00a0\u00a0\u00a0\u00a0\u00a0\u00a0\u00a0\u00a0\u00a0\u00a0\u00a0\u00a0\u00a0\u00a0\u00a0\u00a0\u00a0\u00a0\u00a0\u00a0\u00a0\u00a0\u00a0\u00a0\u00a0\u00a0\u00a0\u00a0\u00a0\u00a0\u00a0\u00a0\u00a0\u00a0\u00a0\u00a0\u00a0\u00a0\u00a0\u00a0\u00a0\u00a0\u00a0\u00a0\u00a0\u00a0\u00a0\u00a0\u00a0\u00a0\u00a0\u00a0\u00a0\u00a0\u00a0\u00a0\u00a0\u00a0\u00a0\u00a0\u00a0\u00a0\u00a0\u00a0\u00a0\u00a0\u00a0\u00a0\u00a0\u00a0\u00a0\u00a0\u00a0\u00a0\u00a0\u00a0\u00a0\u00a0\u00a0\u00a0\u00a0\u00a0\u00a0\u00a0\u00a0\u00a0\u00a0\u00a0\u00a0\u00a0\u00a0\u00a0\u00a0\u00a0\u00a0\u00a0\u00a0\u00a0\u00a0\u00a0\u00a0\u00a0\u00a0\u00a0\u00a0\u00a0\u00a0\u00a0\u00a0\u00a0\u00a0\u00a0\u00a0\u00a0\u00a0\u00a0\u00a0\u00a0\u00a0\u00a0\u00a0\u00a0\u00a0\u00a0\u00a0\u00a0\u00a0\u00a0\u00a0\u00a0\u00a0\u00a0\u00a0\u00a0\u00a0\u00a0 Cr\u0103ciun fericit! Prim\u0103ria [&hellip;]<\/p>\n","protected":false},"author":2,"featured_media":5868,"comment_status":"closed","ping_status":"open","sticky":false,"template":"","format":"standard","meta":{"footnotes":""},"categories":[4],"tags":[],"class_list":{"0":"post-5879","1":"post","2":"type-post","3":"status-publish","4":"format-standard","5":"has-post-thumbnail","7":"category-felicitari"},"_links":{"self":[{"href":"https:\/\/www.editiespecialapress.ro\/newtest\/wp-json\/wp\/v2\/posts\/5879","targetHints":{"allow":["GET"]}}],"collection":[{"href":"https:\/\/www.editiespecialapress.ro\/newtest\/wp-json\/wp\/v2\/posts"}],"about":[{"href":"https:\/\/www.editiespecialapress.ro\/newtest\/wp-json\/wp\/v2\/types\/post"}],"author":[{"embeddable":true,"href":"https:\/\/www.editiespecialapress.ro\/newtest\/wp-json\/wp\/v2\/users\/2"}],"replies":[{"embeddable":true,"href":"https:\/\/www.editiespecialapress.ro\/newtest\/wp-json\/wp\/v2\/comments?post=5879"}],"version-history":[{"count":0,"href":"https:\/\/www.editiespecialapress.ro\/newtest\/wp-json\/wp\/v2\/posts\/5879\/revisions"}],"wp:featuredmedia":[{"embeddable":true,"href":"https:\/\/www.editiespecialapress.ro\/newtest\/wp-json\/"}],"wp:attachment":[{"href":"https:\/\/www.editiespecialapress.ro\/newtest\/wp-json\/wp\/v2\/media?parent=5879"}],"wp:term":[{"taxonomy":"category","embeddable":true,"href":"https:\/\/www.editiespecialapress.ro\/newtest\/wp-json\/wp\/v2\/categories?post=5879"},{"taxonomy":"post_tag","embeddable":true,"href":"https:\/\/www.editiespecialapress.ro\/newtest\/wp-json\/wp\/v2\/tags?post=5879"}],"curies":[{"name":"wp","href":"https:\/\/api.w.org\/{rel}","templated":true}]}}