{"id":5881,"date":"2018-12-15T20:11:14","date_gmt":"2018-12-15T17:11:14","guid":{"rendered":"http:\/\/www.editiespecialapress.ro\/?p=5881"},"modified":"2018-12-15T20:11:14","modified_gmt":"2018-12-15T17:11:14","slug":"craciun-fericit-primaria-godeni","status":"publish","type":"post","link":"https:\/\/www.editiespecialapress.ro\/newtest\/2018\/12\/15\/craciun-fericit-primaria-godeni\/","title":{"rendered":"Cr\u0103ciun Fericit! &#8211; Prim\u0103ria Godeni"},"content":{"rendered":"<p>\u00cen cupa de cristal a Cr\u0103ciunului ad\u0103ug\u0103m o pic\u0103tur\u0103 de bun\u0103tate \u015fi lini\u015fte astfel \u00eenc\u00e2t magia Sf\u00e2ntului Cr\u0103ciun s\u0103 v\u0103 plimbe pe voalul credin\u0163ei \u015fi al bucuriei c\u0103 s-a n\u0103scut pentru noi Iisus Hristos. S\u0103 fim mai buni \u015fi s\u0103 privim \u00eenainte cu \u00eencredere, \u015ftiind c\u0103 atunci c\u00e2nd avem credin\u0163\u0103, drumul din fa\u0163a noastr\u0103 va fi pres\u0103rat cu \u00eempliniri.<\/p>\n<p><strong><em>\u00a0\u00a0\u00a0\u00a0\u00a0\u00a0\u00a0\u00a0\u00a0\u00a0\u00a0\u00a0\u00a0\u00a0\u00a0\u00a0\u00a0\u00a0\u00a0\u00a0\u00a0\u00a0\u00a0\u00a0\u00a0\u00a0\u00a0\u00a0\u00a0\u00a0\u00a0\u00a0\u00a0\u00a0\u00a0\u00a0\u00a0\u00a0\u00a0\u00a0\u00a0\u00a0\u00a0\u00a0\u00a0\u00a0\u00a0\u00a0\u00a0\u00a0\u00a0\u00a0\u00a0 \u00a0 \u00a0 \u00a0 \u00a0 \u00a0 \u00a0 \u00a0 \u00a0 \u00a0 \u00a0 \u00a0 \u00a0 \u00a0 \u00a0 \u00a0 \u00a0 \u00a0 \u00a0 \u00a0 \u00a0 \u00a0 \u00a0 \u00a0 \u00a0 \u00a0 \u00a0 \u00a0 \u00a0 \u00a0 \u00a0 \u00a0 \u00a0 \u00a0 \u00a0 \u00a0 \u00a0 \u00a0 \u00a0 \u00a0 \u00a0 \u00a0 \u00a0 \u00a0 \u00a0 \u00a0 \u00a0 \u00a0 Cr\u0103ciun fericit!<\/em><\/strong><\/p>\n<p><strong><em>\u00a0\u00a0\u00a0\u00a0\u00a0\u00a0\u00a0\u00a0\u00a0\u00a0\u00a0\u00a0\u00a0\u00a0\u00a0\u00a0\u00a0\u00a0\u00a0\u00a0\u00a0\u00a0\u00a0\u00a0\u00a0\u00a0\u00a0\u00a0\u00a0\u00a0\u00a0\u00a0\u00a0\u00a0 Prim\u0103ria Godeni AG, primar P\u0103dureanu Ion, angaja\u021bii prim\u0103riei \u0219i consiliul local<\/em><\/strong><\/p>\n","protected":false},"excerpt":{"rendered":"<p>\u00cen cupa de cristal a Cr\u0103ciunului ad\u0103ug\u0103m o pic\u0103tur\u0103 de bun\u0103tate \u015fi lini\u015fte astfel \u00eenc\u00e2t magia Sf\u00e2ntului Cr\u0103ciun s\u0103 v\u0103 plimbe pe voalul credin\u0163ei \u015fi al bucuriei c\u0103 s-a n\u0103scut pentru noi Iisus Hristos. S\u0103 fim mai buni \u015fi s\u0103 privim \u00eenainte cu \u00eencredere, \u015ftiind c\u0103 atunci c\u00e2nd avem credin\u0163\u0103, drumul din fa\u0163a noastr\u0103 va [&hellip;]<\/p>\n","protected":false},"author":2,"featured_media":5867,"comment_status":"closed","ping_status":"open","sticky":false,"template":"","format":"standard","meta":{"footnotes":""},"categories":[4],"tags":[],"class_list":{"0":"post-5881","1":"post","2":"type-post","3":"status-publish","4":"format-standard","5":"has-post-thumbnail","7":"category-felicitari"},"_links":{"self":[{"href":"https:\/\/www.editiespecialapress.ro\/newtest\/wp-json\/wp\/v2\/posts\/5881","targetHints":{"allow":["GET"]}}],"collection":[{"href":"https:\/\/www.editiespecialapress.ro\/newtest\/wp-json\/wp\/v2\/posts"}],"about":[{"href":"https:\/\/www.editiespecialapress.ro\/newtest\/wp-json\/wp\/v2\/types\/post"}],"author":[{"embeddable":true,"href":"https:\/\/www.editiespecialapress.ro\/newtest\/wp-json\/wp\/v2\/users\/2"}],"replies":[{"embeddable":true,"href":"https:\/\/www.editiespecialapress.ro\/newtest\/wp-json\/wp\/v2\/comments?post=5881"}],"version-history":[{"count":0,"href":"https:\/\/www.editiespecialapress.ro\/newtest\/wp-json\/wp\/v2\/posts\/5881\/revisions"}],"wp:featuredmedia":[{"embeddable":true,"href":"https:\/\/www.editiespecialapress.ro\/newtest\/wp-json\/"}],"wp:attachment":[{"href":"https:\/\/www.editiespecialapress.ro\/newtest\/wp-json\/wp\/v2\/media?parent=5881"}],"wp:term":[{"taxonomy":"category","embeddable":true,"href":"https:\/\/www.editiespecialapress.ro\/newtest\/wp-json\/wp\/v2\/categories?post=5881"},{"taxonomy":"post_tag","embeddable":true,"href":"https:\/\/www.editiespecialapress.ro\/newtest\/wp-json\/wp\/v2\/tags?post=5881"}],"curies":[{"name":"wp","href":"https:\/\/api.w.org\/{rel}","templated":true}]}}