{"id":5883,"date":"2018-12-15T20:21:54","date_gmt":"2018-12-15T17:21:54","guid":{"rendered":"http:\/\/www.editiespecialapress.ro\/?p=5883"},"modified":"2018-12-15T20:21:54","modified_gmt":"2018-12-15T17:21:54","slug":"craciun-fericit-primaria-barla","status":"publish","type":"post","link":"https:\/\/www.editiespecialapress.ro\/newtest\/2018\/12\/15\/craciun-fericit-primaria-barla\/","title":{"rendered":"Cr\u0103ciun Fericit! &#8211; Prim\u0103ria B\u00e2rla"},"content":{"rendered":"<p>E timpul sa \u00eenchide\u021bi ochii \u015fi s\u0103 v\u0103 aminti\u021bi de Cr\u0103ciunul copil\u0103riei voastre. Lumina s\u0103rb\u0103toririi na\u0219terii Domnului s\u0103 v\u0103 aduc\u0103 g\u00e2nduri bune, \u00eempliniri \u0219i bucurii tuturor! Zilele de Cr\u0103ciun s\u0103 v\u0103 lumineze toat\u0103 fiin\u0163a! Bucurati-v\u0103 de aceast\u0103 s\u0103rb\u0103toare al\u0103turi de to\u0163i cei dragi!Mult\u0103 s\u0103n\u0103tate v\u0103 dorim!<\/p>\n<p><strong><em>\u00a0\u00a0\u00a0\u00a0\u00a0\u00a0\u00a0\u00a0\u00a0\u00a0\u00a0\u00a0\u00a0\u00a0\u00a0\u00a0\u00a0\u00a0\u00a0\u00a0\u00a0\u00a0\u00a0\u00a0\u00a0\u00a0\u00a0\u00a0\u00a0\u00a0\u00a0\u00a0\u00a0\u00a0\u00a0\u00a0\u00a0\u00a0\u00a0\u00a0\u00a0\u00a0\u00a0\u00a0\u00a0\u00a0\u00a0\u00a0\u00a0\u00a0\u00a0\u00a0\u00a0 \u00a0 \u00a0 \u00a0 \u00a0 \u00a0 \u00a0 \u00a0 \u00a0 \u00a0 \u00a0 \u00a0 \u00a0 \u00a0 \u00a0 \u00a0 \u00a0 \u00a0 \u00a0 \u00a0 \u00a0 \u00a0 \u00a0 \u00a0 \u00a0 \u00a0 \u00a0 \u00a0 \u00a0 \u00a0 \u00a0 \u00a0 \u00a0 \u00a0 \u00a0 \u00a0 \u00a0 \u00a0 \u00a0 \u00a0 \u00a0 \u00a0 \u00a0 \u00a0 \u00a0 \u00a0 \u00a0 \u00a0 Cr\u0103ciun fericit!<\/em><\/strong><\/p>\n<p style=\"text-align: right;\"><strong><em>\u00a0Prim\u0103ria B\u00e2rla AG, primar Voicu Gheorghe, angaja\u021bii prim\u0103riei \u0219i consiliul local<\/em><\/strong><\/p>\n","protected":false},"excerpt":{"rendered":"<p>E timpul sa \u00eenchide\u021bi ochii \u015fi s\u0103 v\u0103 aminti\u021bi de Cr\u0103ciunul copil\u0103riei voastre. Lumina s\u0103rb\u0103toririi na\u0219terii Domnului s\u0103 v\u0103 aduc\u0103 g\u00e2nduri bune, \u00eempliniri \u0219i bucurii tuturor! Zilele de Cr\u0103ciun s\u0103 v\u0103 lumineze toat\u0103 fiin\u0163a! Bucurati-v\u0103 de aceast\u0103 s\u0103rb\u0103toare al\u0103turi de to\u0163i cei dragi!Mult\u0103 s\u0103n\u0103tate v\u0103 dorim! \u00a0\u00a0\u00a0\u00a0\u00a0\u00a0\u00a0\u00a0\u00a0\u00a0\u00a0\u00a0\u00a0\u00a0\u00a0\u00a0\u00a0\u00a0\u00a0\u00a0\u00a0\u00a0\u00a0\u00a0\u00a0\u00a0\u00a0\u00a0\u00a0\u00a0\u00a0\u00a0\u00a0\u00a0\u00a0\u00a0\u00a0\u00a0\u00a0\u00a0\u00a0\u00a0\u00a0\u00a0\u00a0\u00a0\u00a0\u00a0\u00a0\u00a0\u00a0\u00a0\u00a0 \u00a0 \u00a0 \u00a0 \u00a0 \u00a0 \u00a0 \u00a0 \u00a0 [&hellip;]<\/p>\n","protected":false},"author":2,"featured_media":5866,"comment_status":"closed","ping_status":"open","sticky":false,"template":"","format":"standard","meta":{"footnotes":""},"categories":[4],"tags":[],"class_list":{"0":"post-5883","1":"post","2":"type-post","3":"status-publish","4":"format-standard","5":"has-post-thumbnail","7":"category-felicitari"},"_links":{"self":[{"href":"https:\/\/www.editiespecialapress.ro\/newtest\/wp-json\/wp\/v2\/posts\/5883","targetHints":{"allow":["GET"]}}],"collection":[{"href":"https:\/\/www.editiespecialapress.ro\/newtest\/wp-json\/wp\/v2\/posts"}],"about":[{"href":"https:\/\/www.editiespecialapress.ro\/newtest\/wp-json\/wp\/v2\/types\/post"}],"author":[{"embeddable":true,"href":"https:\/\/www.editiespecialapress.ro\/newtest\/wp-json\/wp\/v2\/users\/2"}],"replies":[{"embeddable":true,"href":"https:\/\/www.editiespecialapress.ro\/newtest\/wp-json\/wp\/v2\/comments?post=5883"}],"version-history":[{"count":0,"href":"https:\/\/www.editiespecialapress.ro\/newtest\/wp-json\/wp\/v2\/posts\/5883\/revisions"}],"wp:featuredmedia":[{"embeddable":true,"href":"https:\/\/www.editiespecialapress.ro\/newtest\/wp-json\/"}],"wp:attachment":[{"href":"https:\/\/www.editiespecialapress.ro\/newtest\/wp-json\/wp\/v2\/media?parent=5883"}],"wp:term":[{"taxonomy":"category","embeddable":true,"href":"https:\/\/www.editiespecialapress.ro\/newtest\/wp-json\/wp\/v2\/categories?post=5883"},{"taxonomy":"post_tag","embeddable":true,"href":"https:\/\/www.editiespecialapress.ro\/newtest\/wp-json\/wp\/v2\/tags?post=5883"}],"curies":[{"name":"wp","href":"https:\/\/api.w.org\/{rel}","templated":true}]}}