{"id":5894,"date":"2018-12-17T22:35:54","date_gmt":"2018-12-17T19:35:54","guid":{"rendered":"http:\/\/www.editiespecialapress.ro\/?p=5894"},"modified":"2018-12-17T22:35:54","modified_gmt":"2018-12-17T19:35:54","slug":"craciun-fericit-primaria-bogati-3","status":"publish","type":"post","link":"https:\/\/www.editiespecialapress.ro\/newtest\/2018\/12\/17\/craciun-fericit-primaria-bogati-3\/","title":{"rendered":"Cr\u0103ciun Fericit! &#8211; Prim\u0103ria Boga\u021bi"},"content":{"rendered":"<p>Cr\u0103ciunul este despre re\u00eentregirea familiei \u0219i re\u00eent\u00e2lnirea cu prieteni dragi. Este momentul ideal s\u0103 apreciem dragostea din via\u021ba noastr\u0103, despre care credem, de multe ori, c\u0103 ni se cuvine. Aceste s\u0103rb\u0103tori de iarn\u0103 s\u0103 v\u0103 umple inima de dragoste \u0219i binecuv\u00e2ntare. Cr\u0103ciunul este plin de bucurie! Este momentul perfect s\u0103 ne amintim de trecut \u0219i s\u0103 ne g\u00e2ndim la viitor!<\/p>\n<p style=\"text-align: right;\"><strong><em>Cr\u0103ciun fericit!<\/em><\/strong><\/p>\n<p style=\"text-align: right;\"><strong><em>\u00a0Prim\u0103ria Boga\u021bi AG, primar G\u00eerleanu Ion, angaja\u021bii prim\u0103riei \u0219i consiliul local<\/em><\/strong><\/p>\n","protected":false},"excerpt":{"rendered":"<p>Cr\u0103ciunul este despre re\u00eentregirea familiei \u0219i re\u00eent\u00e2lnirea cu prieteni dragi. Este momentul ideal s\u0103 apreciem dragostea din via\u021ba noastr\u0103, despre care credem, de multe ori, c\u0103 ni se cuvine. Aceste s\u0103rb\u0103tori de iarn\u0103 s\u0103 v\u0103 umple inima de dragoste \u0219i binecuv\u00e2ntare. Cr\u0103ciunul este plin de bucurie! Este momentul perfect s\u0103 ne amintim de trecut \u0219i [&hellip;]<\/p>\n","protected":false},"author":2,"featured_media":5898,"comment_status":"closed","ping_status":"open","sticky":false,"template":"","format":"standard","meta":{"footnotes":""},"categories":[4],"tags":[],"class_list":{"0":"post-5894","1":"post","2":"type-post","3":"status-publish","4":"format-standard","5":"has-post-thumbnail","7":"category-felicitari"},"_links":{"self":[{"href":"https:\/\/www.editiespecialapress.ro\/newtest\/wp-json\/wp\/v2\/posts\/5894","targetHints":{"allow":["GET"]}}],"collection":[{"href":"https:\/\/www.editiespecialapress.ro\/newtest\/wp-json\/wp\/v2\/posts"}],"about":[{"href":"https:\/\/www.editiespecialapress.ro\/newtest\/wp-json\/wp\/v2\/types\/post"}],"author":[{"embeddable":true,"href":"https:\/\/www.editiespecialapress.ro\/newtest\/wp-json\/wp\/v2\/users\/2"}],"replies":[{"embeddable":true,"href":"https:\/\/www.editiespecialapress.ro\/newtest\/wp-json\/wp\/v2\/comments?post=5894"}],"version-history":[{"count":0,"href":"https:\/\/www.editiespecialapress.ro\/newtest\/wp-json\/wp\/v2\/posts\/5894\/revisions"}],"wp:featuredmedia":[{"embeddable":true,"href":"https:\/\/www.editiespecialapress.ro\/newtest\/wp-json\/"}],"wp:attachment":[{"href":"https:\/\/www.editiespecialapress.ro\/newtest\/wp-json\/wp\/v2\/media?parent=5894"}],"wp:term":[{"taxonomy":"category","embeddable":true,"href":"https:\/\/www.editiespecialapress.ro\/newtest\/wp-json\/wp\/v2\/categories?post=5894"},{"taxonomy":"post_tag","embeddable":true,"href":"https:\/\/www.editiespecialapress.ro\/newtest\/wp-json\/wp\/v2\/tags?post=5894"}],"curies":[{"name":"wp","href":"https:\/\/api.w.org\/{rel}","templated":true}]}}