{"id":5900,"date":"2018-12-17T23:28:16","date_gmt":"2018-12-17T20:28:16","guid":{"rendered":"http:\/\/www.editiespecialapress.ro\/?p=5900"},"modified":"2018-12-17T23:28:16","modified_gmt":"2018-12-17T20:28:16","slug":"craciun-fericit-primaria-calinesti","status":"publish","type":"post","link":"https:\/\/www.editiespecialapress.ro\/newtest\/2018\/12\/17\/craciun-fericit-primaria-calinesti\/","title":{"rendered":"Cr\u0103ciun Fericit! &#8211; Prim\u0103ria C\u0103line\u0219ti"},"content":{"rendered":"<p>Se spune c\u0103 \u00een seara de Cr\u0103ciun, la fiecare clinchet de clopo\u021bel o dorint\u0103 se \u00eendepline\u0219te! V\u0103 ur\u0103m s\u0103 petrece\u021bi s\u0103rb\u0103torile cu sufletul plin de dorin\u021be, \u00een clinchet de clopo\u021bei! Lumin\u0103, pace, bucurie, z\u0103pad\u0103, via\u021b\u0103, d\u0103ruire, iertare, z\u00e2mbet, s\u0103rb\u0103toare, ne aduce an de an Cr\u0103ciunul. Deschide\u021bi-v\u0103 sufletul \u0219i l\u0103sa\u021bi c\u0103ldura s\u0103rb\u0103torilor de iarn\u0103 s\u0103 v\u0103 \u00eenv\u0103luie ca un vis frumos.<\/p>\n<p style=\"text-align: right;\"><strong><em>Cr\u0103ciun fericit!<\/em><\/strong><\/p>\n<p style=\"text-align: right;\"><strong><em>\u00a0Prim\u0103ria C\u0103line\u0219ti AG, primar Ionescu Gheorghe, angaja\u021bii prim\u0103riei \u0219i consiliul local<\/em><\/strong><\/p>\n","protected":false},"excerpt":{"rendered":"<p>Se spune c\u0103 \u00een seara de Cr\u0103ciun, la fiecare clinchet de clopo\u021bel o dorint\u0103 se \u00eendepline\u0219te! V\u0103 ur\u0103m s\u0103 petrece\u021bi s\u0103rb\u0103torile cu sufletul plin de dorin\u021be, \u00een clinchet de clopo\u021bei! Lumin\u0103, pace, bucurie, z\u0103pad\u0103, via\u021b\u0103, d\u0103ruire, iertare, z\u00e2mbet, s\u0103rb\u0103toare, ne aduce an de an Cr\u0103ciunul. Deschide\u021bi-v\u0103 sufletul \u0219i l\u0103sa\u021bi c\u0103ldura s\u0103rb\u0103torilor de iarn\u0103 s\u0103 v\u0103 [&hellip;]<\/p>\n","protected":false},"author":2,"featured_media":5901,"comment_status":"closed","ping_status":"open","sticky":false,"template":"","format":"standard","meta":{"footnotes":""},"categories":[4],"tags":[],"class_list":{"0":"post-5900","1":"post","2":"type-post","3":"status-publish","4":"format-standard","5":"has-post-thumbnail","7":"category-felicitari"},"_links":{"self":[{"href":"https:\/\/www.editiespecialapress.ro\/newtest\/wp-json\/wp\/v2\/posts\/5900","targetHints":{"allow":["GET"]}}],"collection":[{"href":"https:\/\/www.editiespecialapress.ro\/newtest\/wp-json\/wp\/v2\/posts"}],"about":[{"href":"https:\/\/www.editiespecialapress.ro\/newtest\/wp-json\/wp\/v2\/types\/post"}],"author":[{"embeddable":true,"href":"https:\/\/www.editiespecialapress.ro\/newtest\/wp-json\/wp\/v2\/users\/2"}],"replies":[{"embeddable":true,"href":"https:\/\/www.editiespecialapress.ro\/newtest\/wp-json\/wp\/v2\/comments?post=5900"}],"version-history":[{"count":0,"href":"https:\/\/www.editiespecialapress.ro\/newtest\/wp-json\/wp\/v2\/posts\/5900\/revisions"}],"wp:featuredmedia":[{"embeddable":true,"href":"https:\/\/www.editiespecialapress.ro\/newtest\/wp-json\/"}],"wp:attachment":[{"href":"https:\/\/www.editiespecialapress.ro\/newtest\/wp-json\/wp\/v2\/media?parent=5900"}],"wp:term":[{"taxonomy":"category","embeddable":true,"href":"https:\/\/www.editiespecialapress.ro\/newtest\/wp-json\/wp\/v2\/categories?post=5900"},{"taxonomy":"post_tag","embeddable":true,"href":"https:\/\/www.editiespecialapress.ro\/newtest\/wp-json\/wp\/v2\/tags?post=5900"}],"curies":[{"name":"wp","href":"https:\/\/api.w.org\/{rel}","templated":true}]}}