{"id":5930,"date":"2018-12-28T11:01:10","date_gmt":"2018-12-28T08:01:10","guid":{"rendered":"http:\/\/www.editiespecialapress.ro\/?p=5930"},"modified":"2018-12-28T11:01:10","modified_gmt":"2018-12-28T08:01:10","slug":"la-multi-ani-primaria-valea-danului","status":"publish","type":"post","link":"https:\/\/www.editiespecialapress.ro\/newtest\/2018\/12\/28\/la-multi-ani-primaria-valea-danului\/","title":{"rendered":"La mul\u021bi ani! &#8211; Prim\u0103ria Valea Danului"},"content":{"rendered":"<p>L\u0103sa\u0163i o parte din lumina artificiilor aprinse \u00een noaptea anului Nou s\u0103 v\u0103 lumineze. Fie ca anul care vine s\u0103 fie pentru voi o punte spre ceva mai bun, mai luminos. Tot ce v\u0103 este de folos s\u0103 se realizeze \u015fi nimic s\u0103 nu v\u0103 \u00eennoureze \u201ecerul\u201d senin al vie\u0163ii! Anul Nou s\u0103 v\u0103 d\u0103ruiasc\u0103 s\u0103n\u0103tate, pace \u00een suflet \u015fi prosperitate. &#8222;La mul\u0163i ani!&#8221;<\/p>\n<p style=\"text-align: right;\"><strong><em>Prim\u0103ria Valea Danului &#8211; AG, primar Preda Vasile, Consiliul Local \u0219i angaja\u021bii prim\u0103riei<\/em><\/strong><\/p>\n","protected":false},"excerpt":{"rendered":"<p>L\u0103sa\u0163i o parte din lumina artificiilor aprinse \u00een noaptea anului Nou s\u0103 v\u0103 lumineze. Fie ca anul care vine s\u0103 fie pentru voi o punte spre ceva mai bun, mai luminos. Tot ce v\u0103 este de folos s\u0103 se realizeze \u015fi nimic s\u0103 nu v\u0103 \u00eennoureze \u201ecerul\u201d senin al vie\u0163ii! Anul Nou s\u0103 v\u0103 d\u0103ruiasc\u0103 [&hellip;]<\/p>\n","protected":false},"author":2,"featured_media":5919,"comment_status":"closed","ping_status":"open","sticky":false,"template":"","format":"standard","meta":{"footnotes":""},"categories":[4],"tags":[],"class_list":{"0":"post-5930","1":"post","2":"type-post","3":"status-publish","4":"format-standard","5":"has-post-thumbnail","7":"category-felicitari"},"_links":{"self":[{"href":"https:\/\/www.editiespecialapress.ro\/newtest\/wp-json\/wp\/v2\/posts\/5930","targetHints":{"allow":["GET"]}}],"collection":[{"href":"https:\/\/www.editiespecialapress.ro\/newtest\/wp-json\/wp\/v2\/posts"}],"about":[{"href":"https:\/\/www.editiespecialapress.ro\/newtest\/wp-json\/wp\/v2\/types\/post"}],"author":[{"embeddable":true,"href":"https:\/\/www.editiespecialapress.ro\/newtest\/wp-json\/wp\/v2\/users\/2"}],"replies":[{"embeddable":true,"href":"https:\/\/www.editiespecialapress.ro\/newtest\/wp-json\/wp\/v2\/comments?post=5930"}],"version-history":[{"count":0,"href":"https:\/\/www.editiespecialapress.ro\/newtest\/wp-json\/wp\/v2\/posts\/5930\/revisions"}],"wp:featuredmedia":[{"embeddable":true,"href":"https:\/\/www.editiespecialapress.ro\/newtest\/wp-json\/"}],"wp:attachment":[{"href":"https:\/\/www.editiespecialapress.ro\/newtest\/wp-json\/wp\/v2\/media?parent=5930"}],"wp:term":[{"taxonomy":"category","embeddable":true,"href":"https:\/\/www.editiespecialapress.ro\/newtest\/wp-json\/wp\/v2\/categories?post=5930"},{"taxonomy":"post_tag","embeddable":true,"href":"https:\/\/www.editiespecialapress.ro\/newtest\/wp-json\/wp\/v2\/tags?post=5930"}],"curies":[{"name":"wp","href":"https:\/\/api.w.org\/{rel}","templated":true}]}}