{"id":5954,"date":"2019-01-15T00:01:41","date_gmt":"2019-01-14T21:01:41","guid":{"rendered":"http:\/\/www.editiespecialapress.ro\/?p=5954"},"modified":"2019-01-15T00:01:41","modified_gmt":"2019-01-14T21:01:41","slug":"dorintele-jurnalistilor-de-la-rtv-si-antena-3-sunt-indeplinite-de-ministrul-justitiei-tudorel","status":"publish","type":"post","link":"https:\/\/www.editiespecialapress.ro\/newtest\/2019\/01\/15\/dorintele-jurnalistilor-de-la-rtv-si-antena-3-sunt-indeplinite-de-ministrul-justitiei-tudorel\/","title":{"rendered":"Dorin\u021bele jurnali\u0219tilor de la RTV \u0219i Antena 3 sunt \u00eendeplinite de Ministrul Justi\u021biei, Tudorel"},"content":{"rendered":"<p><strong>Redactorul \u0219ef Ciutacu Victor \u0219i Directorul Antenei 3 G\u00e2dea Mihai, \u00eenainteaz\u0103 dorin\u021be c\u0103tre Ministrul Justi\u021biei Tudorel, \u00eendeplinirea lor e garantat\u0103<\/strong><\/p>\n<p>Dragii no\u0219tri cititori, continu\u0103m \u00een aceast\u0103 edi\u021bie cu doi jurnali\u0219ti acoperi\u021bi, Ciutacu \u0219i G\u00e2dea, orice dorin\u021be \u00ee\u0219i pun sunt de \u00eendat\u0103 \u00eendeplinite de c\u0103tre Ministrul Justi\u021biei, Tudorel.<\/p>\n<figure id=\"attachment_5955\" aria-describedby=\"caption-attachment-5955\" style=\"width: 208px\" class=\"wp-caption alignleft\"><a href=\"http:\/\/www.editiespecialapress.ro\/wp\/wp-content\/uploads\/2019\/01\/Ciutacu-Victor-\u0219arla-\u0219arlelor.jpg\"><img loading=\"lazy\" decoding=\"async\" class=\" wp-image-5955\" src=\"http:\/\/www.editiespecialapress.ro\/wp\/wp-content\/uploads\/2019\/01\/Ciutacu-Victor-\u0219arla-\u0219arlelor-284x300.jpg\" alt=\"\" width=\"208\" height=\"219\" \/><\/a><figcaption id=\"caption-attachment-5955\" class=\"wp-caption-text\">Ciutacu Victor, \u0219arla \u0219arlelor<\/figcaption><\/figure>\n<p>Am primit informa\u021bii din interiorul Antenei 3 \u0219i din interiorul RTV-ului c\u0103 ace\u0219ti doi jurnali\u0219ti acoperi\u021bi, G\u00e2dea \u0219i Ciutacu \u00ee\u0219i pun dorin\u021be cu caracter ilegal, care sunt \u00eendeplinite de c\u0103tre Ministrul Justi\u021biei, Tudorel. \u00cen schimbul acestor dorin\u021be \u00eendeplinite de minsitrul Tudorel, G\u00e2dea \u0219i Ciutacu pluseaz\u0103 euro la greu lui Tudorel. Ciutacu \u0219i G\u00e2dea au luat leg\u0103tura cu so\u021bul Elenei Udrea la r\u00e2ndul lui trimis \u0219i acesta de c\u0103tre Elena Udrea la ei pentru a interveni la Ministrul Justi\u021biei Tudorel. Dorin\u021ba cea mai mare a Elenei Udrea a fost s\u0103 scape de arest \u0219i condamnare. Au stat \u0219i au premeditat infrac\u021biunile, G\u00e2dea \u0219i Ciutacu cam dou\u0103 s\u0103pt\u0103m\u00e2ni de zile. Ei s-au \u00eent\u00e2lnit cu Ministrul Tudorel, i-au \u00eenaintat circa dou\u0103 milioane de euro pentru a le \u00eendeplini dorin\u021bele infrac\u021bionale, de a sesiza Curtea Constitu\u021bional\u0103 pentru Elena Udrea \u0219i de a desfiin\u021ba hot\u0103r\u00e2rile ICCJ unde erau stabilite Completele de 5 judec\u0103tori. Tudorel, Ministrul Justi\u021biei la r\u00e2ndul lui s-a dus la prietenii lui judec\u0103tori din cadrul CCR \u0219i le-a dat c\u00e2teva sute de mii de euro pentru a desfiin\u021ba hot\u0103r\u00e2rea ICCJ \u0219i de a schimba el Completele de judecat\u0103 din nou. A\u0219a s-a ajuns de au fost dispuse din nou trageri la sor\u021bi pentru schimbarea judec\u0103torilor de 5 \u00een completele de judecat\u0103. Dar mai grav este c\u0103 aceast\u0103 decizie CCR cump\u0103rat\u0103 de Ministrul Tudorel a declan\u0219at anularea deciziilor de condamnare at\u00e2t a Elenei Udrea precum \u0219i a altor infractori ca ea.<\/p>\n<figure id=\"attachment_5958\" aria-describedby=\"caption-attachment-5958\" style=\"width: 207px\" class=\"wp-caption alignright\"><a href=\"http:\/\/www.editiespecialapress.ro\/wp\/wp-content\/uploads\/2019\/01\/G\u00e2dea-Mihai-escrocul-escrocilor.jpg\"><img loading=\"lazy\" decoding=\"async\" class=\" wp-image-5958\" src=\"http:\/\/www.editiespecialapress.ro\/wp\/wp-content\/uploads\/2019\/01\/G\u00e2dea-Mihai-escrocul-escrocilor-280x300.jpg\" alt=\"\" width=\"207\" height=\"221\" \/><\/a><figcaption id=\"caption-attachment-5958\" class=\"wp-caption-text\">G\u00e2dea Mihai, escrocul escrocilor<\/figcaption><\/figure>\n<p>A\u0219a a putut fi sc\u0103pat\u0103 Elena Udrea de arest \u0219i condamnare. C\u00e2t tupeu au ace\u0219ti doi jurnali\u0219ti acoperi\u021bi, G\u00e2dea \u0219i Ciutacu, dar c\u00e2t tupeu are \u0219i ordinarul de Ministru de Justi\u021bie Tudorel dar cel mai mare tupeu l-au avut \u0219i \u00eel au infractorii judec\u0103tori CCR care trebuie aresta\u021bi de \u00eendat\u0103. Cine s\u0103-i mai monitorizeze pe ace\u0219ti infractori care discut\u0103 la telefoane deschis toate infrac\u021biunile. DNA-ul nu a mai monitorizat de fric\u0103 pe nimeni, SRI-ul a fost \u00eenl\u0103turat de la monitoriz\u0103ri, a\u0219a c\u0103 \u00ee\u0219i fac de cap to\u021bi ace\u0219ti infractori. Scot din arest c\u00e2nd vor \u0219i pe cine vor cu decizii CCR abuzive, favorizatoare tuturor infractorilor cu dare de m\u00e2n\u0103. Mai pot fi prin\u0219i numai dac\u0103 se va sesiza din oficiu DNA-ul \u0219i le-ar ridica toate telefoanele pentru a le desc\u0103rca toate convorbirile telefonice dintre ei. Dar ar putea fi prin\u0219i \u0219i dac\u0103 vor fi monitoriza\u021bi de acum \u00eencolo \u00eentruc\u00e2t ei nu se las\u0103 de infrac\u021biuni, din asta tr\u0103iesc \u0219i din infrac\u021biuni au agonisit zeci de milioane de euro. Dac\u0103 s-a ajuns s\u0103 dai decizii CCR pe bani nu mai avem ce discuta de justi\u021bie sau de legi. Ace\u0219ti infractori G\u00e2dea, Ciutacu, Tudorel \u0219i cei 8 judec\u0103tori ai CCR trebuie aresta\u021bi dup\u0103 ce li se vor desc\u0103rca din telefoane toate convorbirile telefonice dintre ei. Dac\u0103 vor citi acest articol credem c\u0103 se vor pune la punct de a ascunde telefoanele \u0219i de a vorbi cu alte telefoane.<\/p>\n<figure id=\"attachment_5957\" aria-describedby=\"caption-attachment-5957\" style=\"width: 205px\" class=\"wp-caption alignleft\"><a href=\"http:\/\/www.editiespecialapress.ro\/wp\/wp-content\/uploads\/2019\/01\/Elena-Udrea-favorizat\u0103-de-Ciutacu-G\u00e2dea-Tudorel-\u0219i-judec\u0103torii-infractori-ai-CCR.jpg\"><img loading=\"lazy\" decoding=\"async\" class=\" wp-image-5957\" src=\"http:\/\/www.editiespecialapress.ro\/wp\/wp-content\/uploads\/2019\/01\/Elena-Udrea-favorizat\u0103-de-Ciutacu-G\u00e2dea-Tudorel-\u0219i-judec\u0103torii-infractori-ai-CCR-297x300.jpg\" alt=\"\" width=\"205\" height=\"207\" \/><\/a><figcaption id=\"caption-attachment-5957\" class=\"wp-caption-text\">Elena Udrea favorizat\u0103 de Ciutacu, G\u00e2dea, Tudorel \u0219i judec\u0103torii infractori ai CCR<\/figcaption><\/figure>\n<p>E greu s\u0103 ne p\u0103c\u0103leasc\u0103 ei pe noi, jegurile jegurilor. Din informa\u021biile noastre a reie\u0219it c\u0103 Elena Udrea ar fi furat miliarde de euro de la Ministerul Dezvolt\u0103rii unde a fost Ministru. S-a l\u0103udat la Victor Ciutacu c\u0103 are bani de tr\u0103iesc dup\u0103 ea \u00eenc\u0103 9 neamuri. Cum s\u0103 nu aibe aceast\u0103 infractoare bani fura\u021bi miliarde de euro de la Ministerul Dezvolt\u0103rii c\u00e2nd ea chema c\u00e2te 40-60 de primari la ea cu gen\u021bile de euro pentru a le aproba dosarele \u00een dou\u0103 ore \u0219i banii \u00een conturi sute de milioane de euro a doua zi. Asta reiese din registrele ei la Ministerul Dezvolt\u0103rii dar mai reiese \u0219i dosarele aprobate \u00een dou\u0103 ore precum \u0219i bani vira\u021bi \u00een conturi a doua zi. Cum spunea ea prin Ministerul Dezvolt\u0103rii: \u201epro\u0219tii stau la r\u00e2nd ani de zile s\u0103 le aprob dosarele iar \u0219mecherii, adic\u0103 clien\u021bii ei cu gen\u021bile de euro li se aprobau dosarele \u00een dou\u0103 ore \u0219i bani \u00een conturi a doua zi. Aceast\u0103 mafioat\u0103 pozeaz\u0103 \u00een victim\u0103, o tr\u0103deaz\u0103 fa\u021ba ei pervers\u0103 de curv\u0103 ordinar\u0103. Mai nou, la Ministerul Transpoartelor, Liviu Dragnea vrea s\u0103-l pun\u0103 ministru pe mecanicul auto Mircea Dr\u0103ghici. De ce vrea s\u0103-l pun\u0103 Dragnea pe Dr\u0103ghici la Ministerul Transpoartelor? Pentru a putea dispune aprobarea tuturor licita\u021biilor managerilor de cas\u0103 dar \u0219i gen\u021bi de euro la Dr\u0103ghici vor fi c\u0103rate ca \u0219i la Elena Udrea.<\/p>\n<figure id=\"attachment_5956\" aria-describedby=\"caption-attachment-5956\" style=\"width: 205px\" class=\"wp-caption alignright\"><a href=\"http:\/\/www.editiespecialapress.ro\/wp\/wp-content\/uploads\/2019\/01\/Dragnea-Liviu-un-masochist.jpg\"><img loading=\"lazy\" decoding=\"async\" class=\" wp-image-5956\" src=\"http:\/\/www.editiespecialapress.ro\/wp\/wp-content\/uploads\/2019\/01\/Dragnea-Liviu-un-masochist-324x300.jpg\" alt=\"\" width=\"205\" height=\"190\" \/><\/a><figcaption id=\"caption-attachment-5956\" class=\"wp-caption-text\">Dragnea Liviu, un masochist<\/figcaption><\/figure>\n<p>S\u0103 vede\u021bi trafic de euro dac\u0103 pre\u0219edintele Iohannis \u00eel pune ministru pe Dr\u0103ghici. Pre\u0219edintele Iohannis are \u0219i el informa\u021biile lui, din aceast\u0103 cauz\u0103 nu vrea s\u0103-l pun\u0103 pe ho\u021bul ho\u021bilor Dr\u0103ghici la Ministerul Transpoartelor. Ce jegos e Liviu Dragnea, insist\u0103 pentru Mircea Dr\u0103ghici s\u0103-l pun\u0103 ministru la Ministerul Transpoartelor doar pentru interesul lor personal \u0219i pentru managerii de cas\u0103 cu dare de m\u00e2n\u0103. Ace\u0219ti PSD-i\u0219ti fac ce vor \u00een \u021bara asta, trebuie aresta\u021bi \u0219i condamna\u021bi la ani grei de pu\u0219c\u0103rie. Oricum PSD nu vor mai c\u00e2\u0219tiga nici o alegere, vor face pu\u0219c\u0103rie mul\u021bi din ei pentru tot ceea ce au f\u0103cut. S-a s\u0103turat tot poporul de ace\u0219ti infractori care au devalizat statul at\u00e2t pe latur\u0103 economic\u0103 precum \u0219i pe latur\u0103 legislativ\u0103. \u0218i-a dat seama poporul c\u0103 ace\u0219ti PSD-i\u0219ti sunt \u00eempotriva poporului \u0219i a procurorilor competen\u021bi precum \u0219i a judec\u0103torilor somit\u0103\u021bi. \u0218i-o vor lua tare de tot dup\u0103 ce vor pierde puterea, s\u0103 vezi nene mii de PSD-i\u0219ti aresta\u021bi la nivel na\u021bional. Jale mare va fi din nou ca pe timpul lui B\u0103sescu.<\/p>\n<figure id=\"attachment_5959\" aria-describedby=\"caption-attachment-5959\" style=\"width: 155px\" class=\"wp-caption alignleft\"><a href=\"http:\/\/www.editiespecialapress.ro\/wp\/wp-content\/uploads\/2019\/01\/Mircea-Dr\u0103ghici-cel-mai-mare-jeg.jpg\"><img loading=\"lazy\" decoding=\"async\" class=\" wp-image-5959\" src=\"http:\/\/www.editiespecialapress.ro\/wp\/wp-content\/uploads\/2019\/01\/Mircea-Dr\u0103ghici-cel-mai-mare-jeg-225x300.jpg\" alt=\"\" width=\"155\" height=\"204\" \/><\/a><figcaption id=\"caption-attachment-5959\" class=\"wp-caption-text\">Mircea Dr\u0103ghici, cel mai mare jeg<\/figcaption><\/figure>\n<p>Dac\u0103 nici \u0103\u0219tia nu sunt infractori, care mai sunt?! infrac\u021biunile le-au f\u0103cut pe fa\u021b\u0103, \u00een fa\u021ba poporului. Ei cred c\u0103 poporul e prost, \u00eei proste\u0219te cu 10% la pensii \u0219i cu 100 lei la salariu minim pe economie. Mari javre sunt PSD-i\u0219tii \u0103\u0219tia! Ei sunt incon\u0219tien\u021bi, nu \u0219tiu ce \u00eei a\u0219teapt\u0103. Vai mamele lor de comuni\u0219ti fasci\u0219ti!<\/p>\n<p>Articol de Aurel Preda<\/p>\n","protected":false},"excerpt":{"rendered":"<p>Redactorul \u0219ef Ciutacu Victor \u0219i Directorul Antenei 3 G\u00e2dea Mihai, \u00eenainteaz\u0103 dorin\u021be c\u0103tre Ministrul Justi\u021biei Tudorel, \u00eendeplinirea lor e garantat\u0103 Dragii no\u0219tri cititori, continu\u0103m \u00een aceast\u0103 edi\u021bie cu doi jurnali\u0219ti acoperi\u021bi, Ciutacu \u0219i G\u00e2dea, orice dorin\u021be \u00ee\u0219i pun sunt de \u00eendat\u0103 \u00eendeplinite de c\u0103tre Ministrul Justi\u021biei, Tudorel. Am primit informa\u021bii din interiorul Antenei 3 \u0219i [&hellip;]<\/p>\n","protected":false},"author":2,"featured_media":5960,"comment_status":"closed","ping_status":"open","sticky":false,"template":"","format":"standard","meta":{"footnotes":""},"categories":[2],"tags":[38,275,453,20,309,467],"class_list":{"0":"post-5954","1":"post","2":"type-post","3":"status-publish","4":"format-standard","5":"has-post-thumbnail","7":"category-ancheta","8":"tag-elena-udrea","9":"tag-liviu-dragnea","10":"tag-mihai-gadea","11":"tag-mircea-draghici","12":"tag-tudorel-toader","13":"tag-victor-ciutacu"},"_links":{"self":[{"href":"https:\/\/www.editiespecialapress.ro\/newtest\/wp-json\/wp\/v2\/posts\/5954","targetHints":{"allow":["GET"]}}],"collection":[{"href":"https:\/\/www.editiespecialapress.ro\/newtest\/wp-json\/wp\/v2\/posts"}],"about":[{"href":"https:\/\/www.editiespecialapress.ro\/newtest\/wp-json\/wp\/v2\/types\/post"}],"author":[{"embeddable":true,"href":"https:\/\/www.editiespecialapress.ro\/newtest\/wp-json\/wp\/v2\/users\/2"}],"replies":[{"embeddable":true,"href":"https:\/\/www.editiespecialapress.ro\/newtest\/wp-json\/wp\/v2\/comments?post=5954"}],"version-history":[{"count":0,"href":"https:\/\/www.editiespecialapress.ro\/newtest\/wp-json\/wp\/v2\/posts\/5954\/revisions"}],"wp:featuredmedia":[{"embeddable":true,"href":"https:\/\/www.editiespecialapress.ro\/newtest\/wp-json\/"}],"wp:attachment":[{"href":"https:\/\/www.editiespecialapress.ro\/newtest\/wp-json\/wp\/v2\/media?parent=5954"}],"wp:term":[{"taxonomy":"category","embeddable":true,"href":"https:\/\/www.editiespecialapress.ro\/newtest\/wp-json\/wp\/v2\/categories?post=5954"},{"taxonomy":"post_tag","embeddable":true,"href":"https:\/\/www.editiespecialapress.ro\/newtest\/wp-json\/wp\/v2\/tags?post=5954"}],"curies":[{"name":"wp","href":"https:\/\/api.w.org\/{rel}","templated":true}]}}