{"id":5997,"date":"2019-02-17T11:03:26","date_gmt":"2019-02-17T08:03:26","guid":{"rendered":"http:\/\/www.editiespecialapress.ro\/?p=5997"},"modified":"2019-02-17T11:03:26","modified_gmt":"2019-02-17T08:03:26","slug":"liviu-dragnea-si-viorica-dancila-le-au-facut-buget-gras-prietenilor-din-psd-presedinti-de-consilii-judetene-si-primari","status":"publish","type":"post","link":"https:\/\/www.editiespecialapress.ro\/newtest\/2019\/02\/17\/liviu-dragnea-si-viorica-dancila-le-au-facut-buget-gras-prietenilor-din-psd-presedinti-de-consilii-judetene-si-primari\/","title":{"rendered":"Liviu Dragnea \u0219i Viorica D\u0103ncil\u0103 le-au f\u0103cut buget gras prietenilor din PSD, pre\u0219edin\u021bi de Consilii Jude\u021bene \u0219i Primari"},"content":{"rendered":"<p><strong>Dragnea \u0219i D\u0103ncil\u0103 au primit \u0219p\u0103gi zeci de milioane de euro de la cei mai buni prieteni, pre\u0219edin\u021bi de Consilii Jude\u021bene \u0219i primari pentru a le da cel mai gras buget<\/strong><\/p>\n<p>Dragii no\u0219tri cititori,continu\u0103m \u00een aceast\u0103 edi\u021bie cu cei doi infractori: Liviu Dragnea, pre\u0219edintele Camerei Deputa\u021bilor \u0219i Viorica D\u0103ncil\u0103, premierul Rom\u00e2niei, care au primit \u0219p\u0103gi de zeci de milioane de euro pentru a le da cel mai gras buget tovar\u0103\u0219ilor lor PSD-i\u0219ti.<\/p>\n<figure id=\"attachment_6000\" aria-describedby=\"caption-attachment-6000\" style=\"width: 178px\" class=\"wp-caption alignleft\"><a href=\"http:\/\/www.editiespecialapress.ro\/wp\/wp-content\/uploads\/2019\/02\/Dragnea-nu-se-mai-satur\u0103-de-mit\u0103.jpg\"><img loading=\"lazy\" decoding=\"async\" class=\" wp-image-6000\" src=\"http:\/\/www.editiespecialapress.ro\/wp\/wp-content\/uploads\/2019\/02\/Dragnea-nu-se-mai-satur\u0103-de-mit\u0103-355x300.jpg\" alt=\"\" width=\"178\" height=\"151\" \/><\/a><figcaption id=\"caption-attachment-6000\" class=\"wp-caption-text\">Dragnea nu se mai satur\u0103 de mit\u0103<\/figcaption><\/figure>\n<p>Am solicitat informa\u021bii de la diferi\u021bi prieteni de-ai celor doi infractori, Dragnea \u0219i D\u0103ncil\u0103, la care am fost informa\u021bi c\u0103 ace\u0219ti doi infractori \u00eent\u00e2rzie facerea bugetului pe anul 2019 pentru negocieri cu prietenii lor, \u0219efii de Consilii Jude\u021bene \u0219i mai mul\u021bi primari. Am mai fost informa\u021bi c\u0103 Viorica D\u0103ncil\u0103 s-a l\u0103sat cu greu convins\u0103 de Liviu Dragnea s\u0103 dea buget gras tovar\u0103\u0219ilor lui, pre\u0219edin\u021bi de Consilii Jude\u021bene \u0219i primari, dar \u0219i \u0219pag\u0103 de zeci de milioane de euro pentru Viorica Dancil\u0103 a fost introdus\u0103 la biroul ei din Guvernul Rom\u00e2niei. Viorica, premierul Rom\u00e2niei execut\u0103 tot ce i se dicteaz\u0103 de c\u0103tre Liviu Dragnea dar \u0219i beneficiu gras are aceasta de la Liviu Dragnea. Noi am mai publicat aceast\u0103 situa\u021bie infrac\u021bional\u0103 dar sec\u021bia 1 \u0219i sec\u021bia 2 din DNA nu au dorit s\u0103 formeze un dosar penal pentru a prinde to\u021bi infractorii, pre\u0219edin\u021bii de Consilii Jude\u021bene \u0219i primari c\u00e2nd le d\u0103 \u0219paga pentru a le aproba cel mai gras buget anual. Am sesizat DNA-ul pentru sustragerea bugetului anual de 43 de primari de ora\u0219e din \u021bar\u0103. \u0218eful sec\u021biei 2 DNA, un procuror de tot rahatul pentru a sc\u0103pa \u0219i favoriza 43 de primari infractori a hot\u0103r\u00e2t s\u0103 scaneze doar titlul de la articol \u0219i s\u0103 ne trimit\u0103 o comunicare c\u0103 din titlul nu reies faptele penale. I-am trimis comunicarea \u0219i scanarea titlului de la articol \u0219efului sec\u021biei care cerceteaz\u0103 magistra\u021bi. Ce tupeu de prost ca procuror, s\u0103 nu dispui cercet\u0103ri la 43 de primari de ora\u0219e care au comis infrac\u021biuni grave an de an.<\/p>\n<figure id=\"attachment_5999\" aria-describedby=\"caption-attachment-5999\" style=\"width: 183px\" class=\"wp-caption alignright\"><a href=\"http:\/\/www.editiespecialapress.ro\/wp\/wp-content\/uploads\/2019\/02\/D\u0103ncil\u0103-\u00ee\u0219i-face-plinul-cu-euro.jpg\"><img loading=\"lazy\" decoding=\"async\" class=\" wp-image-5999\" src=\"http:\/\/www.editiespecialapress.ro\/wp\/wp-content\/uploads\/2019\/02\/D\u0103ncil\u0103-\u00ee\u0219i-face-plinul-cu-euro-299x300.jpg\" alt=\"\" width=\"183\" height=\"184\" \/><\/a><figcaption id=\"caption-attachment-5999\" class=\"wp-caption-text\">D\u0103ncil\u0103 \u00ee\u0219i face plinul cu euro<\/figcaption><\/figure>\n<p>Procurorul \u0219ef al DNA, C\u0103lin Nistor nu \u0219tie ce fac jego\u0219ii de procurori la cele dou\u0103 sec\u021bii din cadrul DNA \u2013 Bucure\u0219ti. Oricum s-a format dosar \u00eempotriva jegului de procuror sec\u021bie, va r\u0103spunde penal pentru favorizarea a 43 de primari. Dac\u0103 o s\u0103 le trimitem din nou acest articol pentru a se sesiza din oficiu va face la fel acest jeg de procuror \u0219ef sec\u021bie. Din nou \u00ee\u0219i va face al doilea dosar penal pentru favorizarea f\u0103ptuitorilor. S-o \u021bin\u0103 a\u0219a c\u0103 \u0219i noi o vom \u021bine tot a\u0219a, la fiecare comunicare abuziv\u0103, c\u00e2te un dosar penal. E at\u00e2t de prost \u00eenc\u00e2t nu \u0219tie pe unde merge \u0219i cum s-a trezit \u0219ef de sec\u021bia a 2-a DNA. O s\u0103 se trezeasc\u0103 \u00een Rahova \u2013 Jilava pentru a medita \u0219i de a-\u0219i da seama cine l-a sesizat. Dac\u0103 are tupeu s\u0103 fac\u0103 cu presa din astea ce s\u0103 mai zicem cu bie\u021bii cet\u0103\u021beni. \u00ce\u0219i bat joc de toat\u0103 lumea dar salariile le merg, circa 25.000 lei pe lun\u0103. Nu a dat nea Liviu Dragnea o OUG pentru a fi \u00eempu\u0219ca\u021bi infractori ca ace\u0219tia. Ar cam trebui \u00eempu\u0219ca\u021bi jeguri ca ace\u0219ti procurori care \u00ee\u0219i bat joc de to\u021bi cet\u0103\u021benii Rom\u00e2niei. \u00cen Rom\u00e2nia nu merge dec\u00e2t cu amenin\u021bare \u0219i pedepse cu moartea prin \u00eempu\u0219care. Dac\u0103 ar rezolva nea Liviu Dragnea \u0219i aceast\u0103 situa\u021bie ar fi l\u0103udat de popor. Chiar \u00ee\u0219i merit\u0103 unii magistra\u021bi pedeapsa cu moartea.<\/p>\n<figure id=\"attachment_6001\" aria-describedby=\"caption-attachment-6001\" style=\"width: 400px\" class=\"wp-caption aligncenter\"><a href=\"http:\/\/www.editiespecialapress.ro\/wp\/wp-content\/uploads\/2019\/02\/Guvernul-Rom\u00e2niei-condus-de-o-infractoare-D\u0103ncil\u0103.jpg\"><img loading=\"lazy\" decoding=\"async\" class=\"size-medium wp-image-6001\" src=\"http:\/\/www.editiespecialapress.ro\/wp\/wp-content\/uploads\/2019\/02\/Guvernul-Rom\u00e2niei-condus-de-o-infractoare-D\u0103ncil\u0103-400x225.jpg\" alt=\"\" width=\"400\" height=\"225\" \/><\/a><figcaption id=\"caption-attachment-6001\" class=\"wp-caption-text\">Guvernul Rom\u00e2niei condus de o infractoare, D\u0103ncil\u0103<\/figcaption><\/figure>\n<p>Cum e posibil ca procuror \u0219ef sec\u021bie \u00een DNA s\u0103 favorizezi 43 de primari de ora\u0219e care au furat bugetul anual peste 100 de milioane de euro de c\u0103ciul\u0103. Acesta ar trebui arestat la prima sesizare, dac\u0103 ar mai sta nenoroce\u0219te tot. O c\u00e2rp\u0103, un retard de procuror care prime\u0219te peste 25.000 lei lunar. Pe Dragnea \u0219i D\u0103ncil\u0103 cine s\u0103-i mai cerceteze dac\u0103 acest procuror \u0219ef de sec\u021bie respinge tot \u0219i favorizeaz\u0103 \u00een mas\u0103 infractorii. Se bucur\u0103 PSD-i\u0219tii c\u0103 DNA-ul a ajuns cea mai jegoas\u0103 institu\u021bie, are numai procurori psihopa\u021bi, retarda\u021bi, gay etc. D\u0103ncil\u0103 Viorica \u0219i Liviu Dragnea stau lini\u0219ti\u021bi, \u0219tiu c\u0103 procurorii DNA la aceast\u0103 or\u0103 sunt c\u00e2rpele lor de \u0219ters pantofii. Liviu \u0219i D\u0103ncil\u0103 \u00ee\u0219i fac bani grei din \u0219p\u0103gi, procurorul \u0219ef al sec\u021biei 2 DNA respinge tot prin folosirea de tot felul de manevre.<\/p>\n<figure id=\"attachment_5998\" aria-describedby=\"caption-attachment-5998\" style=\"width: 400px\" class=\"wp-caption aligncenter\"><a href=\"http:\/\/www.editiespecialapress.ro\/wp\/wp-content\/uploads\/2019\/02\/Camera-Deputa\u021bilor-condus\u0103-de-un-infractor-periculos-Dragnea-Liviu.jpg\"><img loading=\"lazy\" decoding=\"async\" class=\"size-medium wp-image-5998\" src=\"http:\/\/www.editiespecialapress.ro\/wp\/wp-content\/uploads\/2019\/02\/Camera-Deputa\u021bilor-condus\u0103-de-un-infractor-periculos-Dragnea-Liviu-400x258.jpg\" alt=\"\" width=\"400\" height=\"258\" \/><\/a><figcaption id=\"caption-attachment-5998\" class=\"wp-caption-text\">Camera Deputa\u021bilor condus\u0103 de un infractor periculos, Dragnea Liviu<\/figcaption><\/figure>\n<p>Dac\u0103 ar fi scanat tot articolul nu ar fi avut tupeul s\u0103 scrie c\u0103 nu reies fapte penale dar pentru ai favoriza la infrac\u021biuni pe cei 43 de primari de ora\u0219e a scanat doar titlul \u0219i a scris c\u0103 nu reies faptele penale. Ce jeg ordinar de procuror s\u0103 folose\u0219ti asemenea manevre de adormire a infractorilor periculo\u0219i. Oricum \u0103sta nu va r\u0103m\u00e2ne \u00een libertate, toate cele relatate de noi le vor constata procurorii de la sec\u021bia de investigare a magistra\u021bilor. Cu asemenea procurori po\u021bi s\u0103 te lauzi, \u0103sta trebuie arestat la prima audiere. Cine l-a propus pentru func\u021bia de procuror \u0219ef sec\u021bie, a comis un mare p\u0103cat. Dac\u0103 va sta aceast\u0103 bestie \u00een continuare pe aceast\u0103 func\u021bie va distruge toate dosarele \u0219i infractorii ca Dragnea \u0219i D\u0103ncil\u0103, vor r\u00e2de cu gura p\u00e2n\u0103 la urechi. Din cauza acestui infractor nu se vor mai forma dosare niciodat\u0103, le va face de cap la toate. E un mare pericol pentru DNA. El e incon\u0219tient de tot ceea ce face, se r\u0103zbun\u0103 pe to\u021bi care solicit\u0103 s\u0103 cerceteze infractorii corup\u021bi etc. Bine nu \u00eei va fi la aceast\u0103 dejec\u021bie, va trage din greu pentru tot ceea ce face.<\/p>\n<p style=\"text-align: right;\">Articol de Preda Aurel<\/p>\n","protected":false},"excerpt":{"rendered":"<p>Dragnea \u0219i D\u0103ncil\u0103 au primit \u0219p\u0103gi zeci de milioane de euro de la cei mai buni prieteni, pre\u0219edin\u021bi de Consilii Jude\u021bene \u0219i primari pentru a le da cel mai gras buget Dragii no\u0219tri cititori,continu\u0103m \u00een aceast\u0103 edi\u021bie cu cei doi infractori: Liviu Dragnea, pre\u0219edintele Camerei Deputa\u021bilor \u0219i Viorica D\u0103ncil\u0103, premierul Rom\u00e2niei, care au primit \u0219p\u0103gi [&hellip;]<\/p>\n","protected":false},"author":2,"featured_media":6002,"comment_status":"closed","ping_status":"open","sticky":false,"template":"","format":"standard","meta":{"footnotes":""},"categories":[2],"tags":[79,771,570,275,904],"class_list":{"0":"post-5997","1":"post","2":"type-post","3":"status-publish","4":"format-standard","5":"has-post-thumbnail","7":"category-ancheta","8":"tag-calin-nistor","9":"tag-camera-deputatilor","10":"tag-guvernul-romaniei","11":"tag-liviu-dragnea","12":"tag-viorica-dancila"},"_links":{"self":[{"href":"https:\/\/www.editiespecialapress.ro\/newtest\/wp-json\/wp\/v2\/posts\/5997","targetHints":{"allow":["GET"]}}],"collection":[{"href":"https:\/\/www.editiespecialapress.ro\/newtest\/wp-json\/wp\/v2\/posts"}],"about":[{"href":"https:\/\/www.editiespecialapress.ro\/newtest\/wp-json\/wp\/v2\/types\/post"}],"author":[{"embeddable":true,"href":"https:\/\/www.editiespecialapress.ro\/newtest\/wp-json\/wp\/v2\/users\/2"}],"replies":[{"embeddable":true,"href":"https:\/\/www.editiespecialapress.ro\/newtest\/wp-json\/wp\/v2\/comments?post=5997"}],"version-history":[{"count":0,"href":"https:\/\/www.editiespecialapress.ro\/newtest\/wp-json\/wp\/v2\/posts\/5997\/revisions"}],"wp:featuredmedia":[{"embeddable":true,"href":"https:\/\/www.editiespecialapress.ro\/newtest\/wp-json\/"}],"wp:attachment":[{"href":"https:\/\/www.editiespecialapress.ro\/newtest\/wp-json\/wp\/v2\/media?parent=5997"}],"wp:term":[{"taxonomy":"category","embeddable":true,"href":"https:\/\/www.editiespecialapress.ro\/newtest\/wp-json\/wp\/v2\/categories?post=5997"},{"taxonomy":"post_tag","embeddable":true,"href":"https:\/\/www.editiespecialapress.ro\/newtest\/wp-json\/wp\/v2\/tags?post=5997"}],"curies":[{"name":"wp","href":"https:\/\/api.w.org\/{rel}","templated":true}]}}