{"id":6014,"date":"2019-02-26T21:27:02","date_gmt":"2019-02-26T18:27:02","guid":{"rendered":"http:\/\/www.editiespecialapress.ro\/?p=6014"},"modified":"2019-02-26T21:27:02","modified_gmt":"2019-02-26T18:27:02","slug":"la-multi-ani-de-1-martie-primaria-bogati-2","status":"publish","type":"post","link":"https:\/\/www.editiespecialapress.ro\/newtest\/2019\/02\/26\/la-multi-ani-de-1-martie-primaria-bogati-2\/","title":{"rendered":"La mul\u021bi ani de 1 Martie! &#8211; Prim\u0103ria Boga\u021bi"},"content":{"rendered":"<div class=\"post-entry\">\n<div class=\"post-entry\">\n<p>Prim\u0103vara s\u0103 v\u0103 aduc\u0103 un m\u0103r\u0163i\u015for de s\u0103natate, un ghiocel de noroc, o adiere cald\u0103 de fericire, un nor de iubire \u015fi un soare str\u0103lucitor asemeni sufletelor voastre. Anotimpurile vin \u015fi trec, dar fiecare om p\u0103streaz\u0103 \u00een sufletul s\u0103u un anotimp.\u00a0V\u0103 dorim s\u0103 v\u0103 bucura\u0163i de soare, de ghiocei \u0219i de frumoasele zile ale prim\u0103verii! Primi\u0163i cu drag m\u0103r\u0163i\u015forul \u00een inimile voastre \u00cencerca\u021bi s\u0103 p\u0103stra\u021bi prim\u0103vara! La mul\u0163i ani!<\/p>\n<p style=\"text-align: right;\">\u00a0\u00a0\u00a0\u00a0\u00a0\u00a0\u00a0\u00a0\u00a0\u00a0\u00a0\u00a0\u00a0\u00a0\u00a0\u00a0\u00a0\u00a0\u00a0\u00a0\u00a0\u00a0\u00a0\u00a0\u00a0\u00a0\u00a0\u00a0\u00a0\u00a0\u00a0\u00a0\u00a0\u00a0\u00a0\u00a0\u00a0\u00a0\u00a0\u00a0\u00a0\u00a0\u00a0\u00a0\u00a0\u00a0\u00a0\u00a0\u00a0\u00a0\u00a0\u00a0\u00a0\u00a0\u00a0\u00a0\u00a0\u00a0\u00a0\u00a0\u00a0\u00a0\u00a0\u00a0\u00a0\u00a0\u00a0\u00a0\u00a0\u00a0\u00a0\u00a0\u00a0\u00a0\u00a0\u00a0\u00a0\u00a0\u00a0\u00a0\u00a0\u00a0\u00a0\u00a0\u00a0\u00a0\u00a0\u00a0\u00a0\u00a0\u00a0\u00a0\u00a0\u00a0\u00a0\u00a0\u00a0\u00a0\u00a0\u00a0 <em><strong>Prim\u0103ria Boga\u021bi AG, primar G\u00e2rleanu Ion, <\/strong><\/em><em><strong>angaja\u021bii Prim\u0103riei \u0219i Consiliul Local <\/strong><\/em><\/p>\n<p><strong>\u00a0<\/strong><\/p>\n<\/div>\n<\/div>\n","protected":false},"excerpt":{"rendered":"<p>Prim\u0103vara s\u0103 v\u0103 aduc\u0103 un m\u0103r\u0163i\u015for de s\u0103natate, un ghiocel de noroc, o adiere cald\u0103 de fericire, un nor de iubire \u015fi un soare str\u0103lucitor asemeni sufletelor voastre. Anotimpurile vin \u015fi trec, dar fiecare om p\u0103streaz\u0103 \u00een sufletul s\u0103u un anotimp.\u00a0V\u0103 dorim s\u0103 v\u0103 bucura\u0163i de soare, de ghiocei \u0219i de frumoasele zile ale prim\u0103verii! [&hellip;]<\/p>\n","protected":false},"author":2,"featured_media":6015,"comment_status":"closed","ping_status":"open","sticky":false,"template":"","format":"standard","meta":{"footnotes":""},"categories":[4],"tags":[],"class_list":{"0":"post-6014","1":"post","2":"type-post","3":"status-publish","4":"format-standard","5":"has-post-thumbnail","7":"category-felicitari"},"_links":{"self":[{"href":"https:\/\/www.editiespecialapress.ro\/newtest\/wp-json\/wp\/v2\/posts\/6014","targetHints":{"allow":["GET"]}}],"collection":[{"href":"https:\/\/www.editiespecialapress.ro\/newtest\/wp-json\/wp\/v2\/posts"}],"about":[{"href":"https:\/\/www.editiespecialapress.ro\/newtest\/wp-json\/wp\/v2\/types\/post"}],"author":[{"embeddable":true,"href":"https:\/\/www.editiespecialapress.ro\/newtest\/wp-json\/wp\/v2\/users\/2"}],"replies":[{"embeddable":true,"href":"https:\/\/www.editiespecialapress.ro\/newtest\/wp-json\/wp\/v2\/comments?post=6014"}],"version-history":[{"count":0,"href":"https:\/\/www.editiespecialapress.ro\/newtest\/wp-json\/wp\/v2\/posts\/6014\/revisions"}],"wp:featuredmedia":[{"embeddable":true,"href":"https:\/\/www.editiespecialapress.ro\/newtest\/wp-json\/"}],"wp:attachment":[{"href":"https:\/\/www.editiespecialapress.ro\/newtest\/wp-json\/wp\/v2\/media?parent=6014"}],"wp:term":[{"taxonomy":"category","embeddable":true,"href":"https:\/\/www.editiespecialapress.ro\/newtest\/wp-json\/wp\/v2\/categories?post=6014"},{"taxonomy":"post_tag","embeddable":true,"href":"https:\/\/www.editiespecialapress.ro\/newtest\/wp-json\/wp\/v2\/tags?post=6014"}],"curies":[{"name":"wp","href":"https:\/\/api.w.org\/{rel}","templated":true}]}}