{"id":6018,"date":"2019-02-26T21:30:29","date_gmt":"2019-02-26T18:30:29","guid":{"rendered":"http:\/\/www.editiespecialapress.ro\/?p=6018"},"modified":"2019-02-26T21:30:29","modified_gmt":"2019-02-26T18:30:29","slug":"la-multi-ani-de-1-martie-editie-speciala-press-3","status":"publish","type":"post","link":"https:\/\/www.editiespecialapress.ro\/newtest\/2019\/02\/26\/la-multi-ani-de-1-martie-editie-speciala-press-3\/","title":{"rendered":"La multi ani de 1 Martie! &#8211; Edi\u021bie Special\u0103 Press"},"content":{"rendered":"<p>Cu ocazia venirii prim\u0103verii, c\u00e2nd toate florile z\u00e2mbesc pentru voi, primi\u021bi-n dar acest m\u0103r\u021bi\u0219or al\u0103turi de ur\u0103rile noastre de bine! S\u0103 ave\u021bi ging\u0103\u0219ia l\u0103cr\u0103mioarelor, parfumul toporasilor, prospe\u021bimea zambilelor \u0219i puterea ghiocelului care r\u0103zbate prin p\u0103m\u00e2ntul \u00eenghe\u021bat. La mul\u021bi ani de 1 Martie! Parfumul florilor, roua dimine\u021bilor calde, adierea zefirului din cel mai frumos anotimp, toate acestea s\u0103-\u0219i g\u0103seasca locul \u00een sufletele voastre.<\/p>\n<p style=\"text-align: right;\"><strong>Edi\u021bie Special\u0103 Press,\u00a0\u00a0<\/strong><\/p>\n<p style=\"text-align: right;\"><strong> Director General Iulian Ratea \u00eempreun\u0103 cu \u00eentreaga redac\u021bie<\/strong><\/p>\n<p>&nbsp;<\/p>\n","protected":false},"excerpt":{"rendered":"<p>Cu ocazia venirii prim\u0103verii, c\u00e2nd toate florile z\u00e2mbesc pentru voi, primi\u021bi-n dar acest m\u0103r\u021bi\u0219or al\u0103turi de ur\u0103rile noastre de bine! S\u0103 ave\u021bi ging\u0103\u0219ia l\u0103cr\u0103mioarelor, parfumul toporasilor, prospe\u021bimea zambilelor \u0219i puterea ghiocelului care r\u0103zbate prin p\u0103m\u00e2ntul \u00eenghe\u021bat. La mul\u021bi ani de 1 Martie! Parfumul florilor, roua dimine\u021bilor calde, adierea zefirului din cel mai frumos anotimp, toate [&hellip;]<\/p>\n","protected":false},"author":2,"featured_media":6016,"comment_status":"closed","ping_status":"open","sticky":false,"template":"","format":"standard","meta":{"footnotes":""},"categories":[4],"tags":[],"class_list":{"0":"post-6018","1":"post","2":"type-post","3":"status-publish","4":"format-standard","5":"has-post-thumbnail","7":"category-felicitari"},"_links":{"self":[{"href":"https:\/\/www.editiespecialapress.ro\/newtest\/wp-json\/wp\/v2\/posts\/6018","targetHints":{"allow":["GET"]}}],"collection":[{"href":"https:\/\/www.editiespecialapress.ro\/newtest\/wp-json\/wp\/v2\/posts"}],"about":[{"href":"https:\/\/www.editiespecialapress.ro\/newtest\/wp-json\/wp\/v2\/types\/post"}],"author":[{"embeddable":true,"href":"https:\/\/www.editiespecialapress.ro\/newtest\/wp-json\/wp\/v2\/users\/2"}],"replies":[{"embeddable":true,"href":"https:\/\/www.editiespecialapress.ro\/newtest\/wp-json\/wp\/v2\/comments?post=6018"}],"version-history":[{"count":0,"href":"https:\/\/www.editiespecialapress.ro\/newtest\/wp-json\/wp\/v2\/posts\/6018\/revisions"}],"wp:featuredmedia":[{"embeddable":true,"href":"https:\/\/www.editiespecialapress.ro\/newtest\/wp-json\/"}],"wp:attachment":[{"href":"https:\/\/www.editiespecialapress.ro\/newtest\/wp-json\/wp\/v2\/media?parent=6018"}],"wp:term":[{"taxonomy":"category","embeddable":true,"href":"https:\/\/www.editiespecialapress.ro\/newtest\/wp-json\/wp\/v2\/categories?post=6018"},{"taxonomy":"post_tag","embeddable":true,"href":"https:\/\/www.editiespecialapress.ro\/newtest\/wp-json\/wp\/v2\/tags?post=6018"}],"curies":[{"name":"wp","href":"https:\/\/api.w.org\/{rel}","templated":true}]}}