{"id":6039,"date":"2019-03-19T10:28:18","date_gmt":"2019-03-19T07:28:18","guid":{"rendered":"http:\/\/www.editiespecialapress.ro\/?p=6039"},"modified":"2019-03-19T10:28:18","modified_gmt":"2019-03-19T07:28:18","slug":"ministrul-mediului-gratiela-leocadia-gavrilescu-ministrul-dezvoltarii-administratiei-publice-vasile-daniel-suciu-premierul-romaniei-viorica-dancila-si-liviu-dragnea-au-impus-cu","status":"publish","type":"post","link":"https:\/\/www.editiespecialapress.ro\/newtest\/2019\/03\/19\/ministrul-mediului-gratiela-leocadia-gavrilescu-ministrul-dezvoltarii-administratiei-publice-vasile-daniel-suciu-premierul-romaniei-viorica-dancila-si-liviu-dragnea-au-impus-cu\/","title":{"rendered":"Ministrul Mediului &#8211; Gra\u021biela Leocadia Gavrilescu, Ministrul Dezvolt\u0103rii Administra\u021biei Publice \u2013 Vasile Daniel Suciu, premierul Rom\u00e2niei \u2013 Viorica D\u0103ncil\u0103 \u0219i Liviu Dragnea au impus cu japca racord\u0103ri la canalizare \u0219i amenzi ustur\u0103toare"},"content":{"rendered":"<p><strong>Ministrul Mediului Gavrilescu, Ministrul Dezvolt\u0103rii \u2013 Vasile Daniel Suciu, premierul Viorica D\u0103ncil\u0103 \u0219i pre\u0219edintele Camerei Deputa\u021bilor \u2013 Liviu Dragnea au dispus \u00een mod abuziv racordarea la canalizare a cet\u0103\u021benilor Rom\u00e2niei \u0219i amendarea lor ilegal\u0103<\/strong><\/p>\n<p>Dragii no\u0219tri cititori, continu\u0103m \u00een aceast\u0103 edi\u021bie cu cei mai mari infractori, func\u021bionari publici, Gavrilescu, D\u0103ncil\u0103, Suciu \u0219i Dragnea care \u00een mod abuziv au dispus racordarea cet\u0103\u021benilor la canalizare \u0219i amendarea lor.<\/p>\n<figure id=\"attachment_6041\" aria-describedby=\"caption-attachment-6041\" style=\"width: 180px\" class=\"wp-caption alignleft\"><a href=\"http:\/\/www.editiespecialapress.ro\/wp\/wp-content\/uploads\/2019\/03\/Ministra-Mediului-cea-mai-nemernic\u0103-infractoare.jpg\"><img loading=\"lazy\" decoding=\"async\" class=\" wp-image-6041\" src=\"http:\/\/www.editiespecialapress.ro\/wp\/wp-content\/uploads\/2019\/03\/Ministra-Mediului-cea-mai-nemernic\u0103-infractoare-225x300.jpg\" alt=\"\" width=\"180\" height=\"236\" \/><\/a><figcaption id=\"caption-attachment-6041\" class=\"wp-caption-text\">Ministra Mediului, cea mai nemernic\u0103 infractoare<\/figcaption><\/figure>\n<p>Viorica D\u0103ncil\u0103, Gra\u021biela Leocadia Gavrilescu, Liviu Dragnea \u0219i Vasile Daniel Suciu au hot\u0103r\u00e2t s\u0103 trimit\u0103 o circular\u0103 la Garda de Mediu \u00een fiecare localitate din \u021bar\u0103 pentru a-i obliga pe to\u021bi cet\u0103\u021benii Rom\u00e2niei s\u0103 se racordeze la canalizare. Garda de Mediu a trimis la toate Prim\u0103riile din \u021bar\u0103, circulara eliberat\u0103 de to\u021bi infractorii prezenta\u021bi. Garda de mediu va aplica amenzi celor care \u00een termen de trei luni de zile de la un prim avertisment nu s-au racordat la canalizare. Ministerul Dezvolt\u0103rii \u0219i Administra\u021biei Publice impune \u00een mod abuziv racordarea la canalizare obligatorie. Toaletele din curte dar \u0219i fosele septice au fost interzise iar cei care refuz\u0103 s\u0103 se racordeze la canalizare risc\u0103 amenzi foarte mari de la Garda de Mediu, \u00eentre 2000 \u0219i 4000 de lei, dup\u0103 trei luni \u0219i un prim avertisment. Singura excep\u021bie este aceea \u00een care persoana \u00een cauz\u0103 \u00ee\u0219i face sta\u021bie de epurare. S-a estimat c\u0103 30% din popula\u021bie au \u00een curte toalete.<\/p>\n<p>Infractorii: Gra\u021biela Leocadia Gavrilescu, Viorica D\u0103ncil\u0103, Liviu<br \/>\nDragnea \u0219i Vasile Daniel Suciu nu s-au g\u00e2ndit c\u0103 aceast\u0103 hot\u0103r\u00e2re pe care au luat-o \u0219i circulara trimis\u0103 la G\u0103rzile de Mediu din fiecare localitate din \u021bar\u0103 sunt total abuzive \u00eentruc\u00e2t Garda de Mediu nu are competen\u021b\u0103 material\u0103 s\u0103 amendeze persoane fizice sau juridice (societ\u0103\u021bi comerciale). Garda de Mediu poate amenda doar institu\u021biile statului \u0219i nu persoane fizice sau persoane juridice \u2013 societ\u0103\u021bi comerciale.<\/p>\n<figure id=\"attachment_6046\" aria-describedby=\"caption-attachment-6046\" style=\"width: 188px\" class=\"wp-caption alignright\"><a href=\"http:\/\/www.editiespecialapress.ro\/wp\/wp-content\/uploads\/2019\/03\/Premierul-D\u0103ncil\u0103-jegul-jegurilor.jpg\"><img loading=\"lazy\" decoding=\"async\" class=\" wp-image-6046\" src=\"http:\/\/www.editiespecialapress.ro\/wp\/wp-content\/uploads\/2019\/03\/Premierul-D\u0103ncil\u0103-jegul-jegurilor-241x300.jpg\" alt=\"\" width=\"188\" height=\"231\" \/><\/a><figcaption id=\"caption-attachment-6046\" class=\"wp-caption-text\">Premierul D\u0103ncil\u0103, jegul jegurilor<\/figcaption><\/figure>\n<p>Dac\u0103 nu au \u00eenv\u0103\u021bat nici acest lucru, infractorii enumera\u021bi nu\u00a0 mai au ce c\u0103uta \u00een Guvernul Rom\u00e2niei \u0219i nici Liviu Dragnea \u00een Camera Deputa\u021bilor. Vor fi cerceta\u021bi pentru aceast\u0103 hot\u0103r\u00e2re abuziv\u0103 \u0219i pentru circulara trimis\u0103 \u00een mod abuziv, precum \u0219i pentru amenin\u021barea poporului cu amenzi foarte mari. Interesul poart\u0103 fesul, cine profit\u0103 din toate aceste abuzuri grave? Domnul Liviu Dragnea profit\u0103 din plin, \u00eentruc\u00e2t \u00ee\u0219i trage \u0219p\u0103gi foarte mari de la diferite Societ\u0103\u021bi Comerciale care fac racord\u0103rile la canalizare, proiecte etc. \u00cen ce stat comunist s-a mai pomenit s\u0103 te oblige s\u0103 te racordezi la canalizare. Numai \u00een Rom\u00e2nia. Comuni\u0219tii Liviu Dragnea, Viorica D\u0103ncil\u0103, Gavrilescu Gra\u021biela \u0219i Vasile Daniel \u2013 Suciu puteau s\u0103 dispun\u0103 toate acestea. Nemernicii nu s-au g\u00e2ndit c\u0103 bie\u021bii cet\u0103\u021beni de la \u021bar\u0103 au pensii \u00eentre 400 \u2013 1000 lei pe lun\u0103 \u0219i nu pot achita amenzile abuzive pe care le impun. Nu mai spunem c\u0103 Garda de Mediu nu are competen\u021b\u0103 s\u0103 dea amenzi la persoane fizice sau la persoane juridice (societ\u0103\u021bi comerciale).<\/p>\n<p>Nenoroci\u021bii ar l\u0103sa cet\u0103\u021benii bolnavi f\u0103r\u0103 hran\u0103 \u0219i tratament din cauza amenzilor abuzive \u00eentre 2000 \u2013 4000 lei. De unde s\u0103 pl\u0103teasc\u0103 bie\u021bii cet\u0103\u021beni de la \u021bar\u0103 taxele pentru a se racorda la canalizare. De unde s\u0103 pl\u0103teasc\u0103 pensionarii 1 mc. de ap\u0103 care cost\u0103 circa 10 lei. Cet\u0103\u021benii de la \u021bar\u0103 nu-\u0219i mai pot uda r\u0103zoarele \u0219i florile, din cauza racord\u0103rii la canalizare. Ai costurile duble lunar la ap\u0103 rece dac\u0103 te racordezi la canalizare. Lui Dragnea \u0219i D\u0103ncil\u0103 le convine, le vin \u0219p\u0103gile la gen\u021bi, cet\u0103\u021benii sunt teroriza\u021bi cu amenzi \u0219i amenin\u021b\u0103ri de to\u021bi primarii din localit\u0103\u021bi. De unde s\u0103 mai aibe bie\u021bii pensionari de la \u021bar\u0103 bani de hran\u0103 \u0219i de tratament medical dac\u0103 ace\u0219ti nenoroci\u021bi \u00eei for\u021beaz\u0103 cu amenzi mari s\u0103 se racordeze la canalizare. Nu mai punem c\u0103 lunar pl\u0103tesc dublu mc. de ap\u0103, circa 10 lei. Ace\u0219ti criminali ai PSD vor s\u0103 distrug\u0103 poporul mai r\u0103u ca Nicolae Ceau\u0219escu. Ce e mai r\u0103u pe p\u0103m\u00e2nt, s\u0103 nu ai bani de hran\u0103 \u0219i de tratament. Jigodiile spun c\u0103 toaletele de la \u021bar\u0103 \u0219i din ora\u0219e polueaz\u0103. C\u00e2t tupeu pe ace\u0219ti infractori comuni\u0219ti?!<\/p>\n<figure id=\"attachment_6045\" aria-describedby=\"caption-attachment-6045\" style=\"width: 176px\" class=\"wp-caption alignleft\"><a href=\"http:\/\/www.editiespecialapress.ro\/wp\/wp-content\/uploads\/2019\/03\/Liviu-Dragnea-cel-mai-mare-abuziv-corupt-dar-\u0219i-bandit.jpg\"><img loading=\"lazy\" decoding=\"async\" class=\" wp-image-6045\" src=\"http:\/\/www.editiespecialapress.ro\/wp\/wp-content\/uploads\/2019\/03\/Liviu-Dragnea-cel-mai-mare-abuziv-corupt-dar-\u0219i-bandit-220x300.jpg\" alt=\"\" width=\"176\" height=\"236\" \/><\/a><figcaption id=\"caption-attachment-6045\" class=\"wp-caption-text\">Liviu Dragnea, cel mai mare abuziv, corupt dar \u0219i bandit<\/figcaption><\/figure>\n<p>Ce s\u0103 polueze o toalet\u0103 \u00een curtea omului, rahatul e \u00een g\u0103uri, toaletele sunt \u00eenchise. Repet\u0103m din nou, nu are competen\u021b\u0103 Garda de Mediu s\u0103 amendeze cet\u0103\u021benii Rom\u00e2niei \u00eentruc\u00e2t sunt persoane fizice. Nu au voie s\u0103 dea amenzi la Societ\u0103\u021bi Comerciale \u00eentruc\u00e2t sunt firme private, au voie s\u0103 dea amenzi doar la institu\u021biile statului care polueaz\u0103. Dac\u0103 G\u0103rzile de Mediu din toate localit\u0103\u021bile din \u021bar\u0103 vor da amenzi abuzive cet\u0103\u021benilor \u0219i societ\u0103\u021bilor comerciale, vor face pu\u0219c\u0103rie to\u021bi comisarii de la G\u0103rzile de Mediu pentru amendarea cet\u0103\u021benilor \u0219i pentru amendarea firmelor. Nu au competen\u021b\u0103 dar sunt for\u021ba\u021bi \u00een mod abuziv de cei 4 dictatori.<\/p>\n<figure id=\"attachment_6042\" aria-describedby=\"caption-attachment-6042\" style=\"width: 167px\" class=\"wp-caption alignright\"><a href=\"http:\/\/www.editiespecialapress.ro\/wp\/wp-content\/uploads\/2019\/03\/Ministrul-Dezvolt\u0103rii-Vasile-Suciu-un-gunoi-din-tomberon.jpg\"><img loading=\"lazy\" decoding=\"async\" class=\" wp-image-6042\" src=\"http:\/\/www.editiespecialapress.ro\/wp\/wp-content\/uploads\/2019\/03\/Ministrul-Dezvolt\u0103rii-Vasile-Suciu-un-gunoi-din-tomberon.jpg\" alt=\"\" width=\"167\" height=\"220\" \/><\/a><figcaption id=\"caption-attachment-6042\" class=\"wp-caption-text\">Ministrul Dezvolt\u0103rii, Vasile Suciu, un gunoi din tomberon<\/figcaption><\/figure>\n<p>Cei 4 dictatori vor fi cerceta\u021bi de Sec\u021bia de Urm\u0103rire penal\u0103 \u0219i Criminalistic\u0103 din cadrul Parchetului General. Jos labele de pe popor \u0219i de pe societ\u0103\u021bile comerciale, altfel veti face pu\u0219c\u0103rie non-stop. Fac pe pro\u0219tii cei 4 infractori periculo\u0219i, zic c\u0103 ne pot p\u0103c\u0103li \u0219i pe noi care avem experien\u021b\u0103 \u00een domeniu de circa 35 de ani&#8230;&#8230;&#8230;&#8230;&#8230;. . Mari jeguri de func\u021bionari publici sunt ace\u0219ti infractori needuca\u021bi, comuni\u0219ti fasci\u0219ti. Vom sesiza Procurorul General pentru toate infrac\u021biunile comise. Sper\u0103m ca Parchetul General s\u0103 le dea de cap, nu s\u0103 le dea ei \u00een cap, cum procedeaz\u0103 de obicei.<\/p>\n<p style=\"text-align: right;\">Articol de Florin Fulga<\/p>\n","protected":false},"excerpt":{"rendered":"<p>Ministrul Mediului Gavrilescu, Ministrul Dezvolt\u0103rii \u2013 Vasile Daniel Suciu, premierul Viorica D\u0103ncil\u0103 \u0219i pre\u0219edintele Camerei Deputa\u021bilor \u2013 Liviu Dragnea au dispus \u00een mod abuziv racordarea la canalizare a cet\u0103\u021benilor Rom\u00e2niei \u0219i amendarea lor ilegal\u0103 Dragii no\u0219tri cititori, continu\u0103m \u00een aceast\u0103 edi\u021bie cu cei mai mari infractori, func\u021bionari publici, Gavrilescu, D\u0103ncil\u0103, Suciu \u0219i Dragnea care \u00een [&hellip;]<\/p>\n","protected":false},"author":2,"featured_media":6043,"comment_status":"closed","ping_status":"open","sticky":false,"template":"","format":"standard","meta":{"footnotes":""},"categories":[2],"tags":[919,920,275,921,904],"class_list":{"0":"post-6039","1":"post","2":"type-post","3":"status-publish","4":"format-standard","5":"has-post-thumbnail","7":"category-ancheta","8":"tag-garda-de-mediu","9":"tag-gratiela-leocadia-gavrilescu","10":"tag-liviu-dragnea","11":"tag-vasile-daniel-suciu","12":"tag-viorica-dancila"},"_links":{"self":[{"href":"https:\/\/www.editiespecialapress.ro\/newtest\/wp-json\/wp\/v2\/posts\/6039","targetHints":{"allow":["GET"]}}],"collection":[{"href":"https:\/\/www.editiespecialapress.ro\/newtest\/wp-json\/wp\/v2\/posts"}],"about":[{"href":"https:\/\/www.editiespecialapress.ro\/newtest\/wp-json\/wp\/v2\/types\/post"}],"author":[{"embeddable":true,"href":"https:\/\/www.editiespecialapress.ro\/newtest\/wp-json\/wp\/v2\/users\/2"}],"replies":[{"embeddable":true,"href":"https:\/\/www.editiespecialapress.ro\/newtest\/wp-json\/wp\/v2\/comments?post=6039"}],"version-history":[{"count":0,"href":"https:\/\/www.editiespecialapress.ro\/newtest\/wp-json\/wp\/v2\/posts\/6039\/revisions"}],"wp:featuredmedia":[{"embeddable":true,"href":"https:\/\/www.editiespecialapress.ro\/newtest\/wp-json\/"}],"wp:attachment":[{"href":"https:\/\/www.editiespecialapress.ro\/newtest\/wp-json\/wp\/v2\/media?parent=6039"}],"wp:term":[{"taxonomy":"category","embeddable":true,"href":"https:\/\/www.editiespecialapress.ro\/newtest\/wp-json\/wp\/v2\/categories?post=6039"},{"taxonomy":"post_tag","embeddable":true,"href":"https:\/\/www.editiespecialapress.ro\/newtest\/wp-json\/wp\/v2\/tags?post=6039"}],"curies":[{"name":"wp","href":"https:\/\/api.w.org\/{rel}","templated":true}]}}