{"id":6048,"date":"2019-03-25T23:32:04","date_gmt":"2019-03-25T20:32:04","guid":{"rendered":"http:\/\/www.editiespecialapress.ro\/?p=6048"},"modified":"2019-03-25T23:32:04","modified_gmt":"2019-03-25T20:32:04","slug":"directorul-general-michele-abbate-si-managerul-vanzari-adrian-ioan-faur-de-la-sc-enel-energie-sa-insala-cetatenii-romaniei-prin-diferite-tehnici-mizerabile","status":"publish","type":"post","link":"https:\/\/www.editiespecialapress.ro\/newtest\/2019\/03\/25\/directorul-general-michele-abbate-si-managerul-vanzari-adrian-ioan-faur-de-la-sc-enel-energie-sa-insala-cetatenii-romaniei-prin-diferite-tehnici-mizerabile\/","title":{"rendered":"Directorul General Michele Abbate \u0219i managerul v\u00e2nz\u0103ri Adrian Ioan Faur de la SC ENEL ENERGIE SA \u00een\u0219al\u0103 cet\u0103\u021benii Rom\u00e2niei prin diferite tehnici mizerabile"},"content":{"rendered":"<p><strong>Directorul Michele Abbate \u0219i managerul v\u00e2nz\u0103ri Adrian Ioan Faur trimit pe sclavii lor la domiciile cet\u0103\u021benilor, se dau drept lucr\u0103tori ai RENEL CEZ SA, \u00eentocmesc contracte \u00een mod abuziv \u0219i nu furnizeaz\u0103 energie electric\u0103<\/strong><\/p>\n<p>Dragii no\u0219tri cititori, continu\u0103m \u00een aceast\u0103 edi\u021bie cu cele mai mari dejec\u021bii ale SC ENEL ENERGIE SA Bucure\u0219ti, care \u00een\u0219eal\u0103 cet\u0103\u021benii Rom\u00e2niei prin a se prezenta ca lucr\u0103tori ai RENEL CEZ SA, distrug contractele CEZ \u0219i nu furnizeaz\u0103 energie electric\u0103.<\/p>\n<figure id=\"attachment_6049\" aria-describedby=\"caption-attachment-6049\" style=\"width: 400px\" class=\"wp-caption aligncenter\"><a href=\"http:\/\/www.editiespecialapress.ro\/wp\/wp-content\/uploads\/2019\/03\/Michele-Abbate-cel-mai-mare-escroc.jpg\"><img loading=\"lazy\" decoding=\"async\" class=\"size-medium wp-image-6049\" src=\"http:\/\/www.editiespecialapress.ro\/wp\/wp-content\/uploads\/2019\/03\/Michele-Abbate-cel-mai-mare-escroc-400x205.jpg\" alt=\"\" width=\"400\" height=\"205\" \/><\/a><figcaption id=\"caption-attachment-6049\" class=\"wp-caption-text\">Michele Abbate &#8211; cel mai mare escroc<\/figcaption><\/figure>\n<p>&nbsp;<\/p>\n<p>Cele dou\u0103 scursuri ale societ\u0103\u021bii Michele Abbate \u0219i Adrian Ioan Faur, trimit mai multe curve \u0219i escroci s\u0103 \u00een\u0219ele pe to\u021bi cet\u0103\u021benii Rom\u00e2niei Am fost informa\u021bi de mii de cet\u0103\u021benii din jud. Arge\u0219 c\u0103 curvele \u0219i escrocii SC ENEL ENERGIE SA merg la to\u021bi cet\u0103\u021benii din jude\u021bul Arge\u0219, la domicilii se prezint\u0103 ca fiind lucr\u0103tori ai RENEL CEZ SA prezint\u0103 o ofert\u0103 pe telefoanele mobile \u00een care arat\u0103 c\u0103 KW este mai ieftin cu 10 bani timp de un an de zile. C\u00e2nd au fost escrocii \u00eentreba\u021bi de ce se dau drept lucr\u0103tori ai RENEL CEZ SA, ei au r\u0103spuns c\u0103 s-a schimbat denumirea societ\u0103\u021bii \u00een SC ENEL ENERGIE SA. Escrocii creaz\u0103 o confuzie \u00eentre RENEL \u0219i ENEL pentru a putea \u00een\u0219ela pe to\u021bi cet\u0103\u021benii Rom\u00e2niei de a semna contractele cu ei \u0219i de a pierde contractele cu RENEL CEZ SA. Oamenii nu \u00ee\u0219i dau seama c\u0103 escrocii sunt foarte perver\u0219i \u0219i sunt de la o alt\u0103 societate comercial\u0103, ei cred ce le spun escrocii c\u0103 sunt de la RENEL CEZ SA, semneaz\u0103 contractele cu escrocii, r\u0103m\u00e2n f\u0103r\u0103 energie electric\u0103, contractul cu RENEL CEZ se desfiin\u021beaz\u0103 \u0219i se alege praful.<\/p>\n<figure id=\"attachment_6050\" aria-describedby=\"caption-attachment-6050\" style=\"width: 204px\" class=\"wp-caption alignright\"><a href=\"http:\/\/www.editiespecialapress.ro\/wp\/wp-content\/uploads\/2019\/03\/Adrian-Ioan-Faur-un-escroc-des\u0103v\u00e2r\u0219it-.jpg\"><img loading=\"lazy\" decoding=\"async\" class=\" wp-image-6050\" src=\"http:\/\/www.editiespecialapress.ro\/wp\/wp-content\/uploads\/2019\/03\/Adrian-Ioan-Faur-un-escroc-des\u0103v\u00e2r\u0219it--300x300.jpg\" alt=\"\" width=\"204\" height=\"204\" \/><\/a><figcaption id=\"caption-attachment-6050\" class=\"wp-caption-text\">Adrian Ioan Faur &#8211; un escroc des\u0103v\u00e2r\u0219it<\/figcaption><\/figure>\n<p>Escrocii au ajuns \u0219i la sediul societ\u0103\u021bii noastre, unde i-a a\u0219teptat directorul general Iulian Ratea. Directorul Ratea i-a \u00eentrebat: \u201evoi sunte\u021bi de la RENEL CEZ sau de la o alt\u0103 societate?\u201d. Curvele \u0219i escrocii vreo 6 la num\u0103r au r\u0103spuns \u0219i strigau: \u201enoi suntem de la lumin\u0103, cei de la RENEL, avem ofert\u0103 anul acesta cu o reducere de 10 bani pe KW\u201d. Le-a cerut s\u0103-i prezinte oferta. Ei repede au \u00eenceput s\u0103 butoneze telefoanele, ziceau: \u201euita\u021bi, am g\u0103sit oferta, uita\u021bi scrie reducere 10 bani pe kw timp de un an\u201d. Directorul Ratea le-a spus: \u201edac\u0103 nu sunte\u021bi de la RENEL CEZ o s\u0103 fi\u021bi aresta\u021bi pentru \u00een\u0219el\u0103ciune, distrugeri de contracte cu CEZ-ul \u0219.a.m.d.\u201d. Ei spuneau c\u0103 s-a schimbat denumirea societ\u0103\u021bii dar tot noi suntem. Directorul Iulian Ratea le-a spus: \u201ebine, facem contractul dar ve\u021bi fi aresta\u021bi\u201d. Ei spuneau:\u201enoi suntem de la RENEL, acum \u00eei spune ENEL, nu escroc\u0103m pe nimeni\u201d. Directorul Ratea i-a \u00eentrebat: \u201ece documente v\u0103 trebuie pentru a \u00eentocmi contractul?\u201d. Ei au spus:\u201eo copie de pe buletin \u0219i at\u00e2t\u201d. Directorul Ratea i-a \u00eentrebat dac\u0103 poate \u00eencheia contractul pe numele mamei lui care e decedat\u0103. Ei au spus c\u0103 se poate, a avut contract la ei \u0219i prelungim pe un an cu reducerea de 10 bani\/kw. I-a l\u0103sat s\u0103 \u00eentocmeasc\u0103 contractul, dup\u0103 aceea i-a \u00eentrebat cine semneaz\u0103 contractul, decedata sau el. Ei au r\u0103spuns c\u0103 el semneaz\u0103. Directorul Iulian Ratea tot le amintea: \u201evoi veti fi aresta\u021bi \u00eempreun\u0103 cu directorul general Michele Abbate \u0219i Adrian Ioan Faur pentru \u00een\u0219el\u0103ciune etc.<\/p>\n<figure id=\"attachment_6051\" aria-describedby=\"caption-attachment-6051\" style=\"width: 400px\" class=\"wp-caption aligncenter\"><a href=\"http:\/\/www.editiespecialapress.ro\/wp\/wp-content\/uploads\/2019\/03\/ENEL-cea-mai-escroac\u0103-societate.png\"><img loading=\"lazy\" decoding=\"async\" class=\"size-medium wp-image-6051\" src=\"http:\/\/www.editiespecialapress.ro\/wp\/wp-content\/uploads\/2019\/03\/ENEL-cea-mai-escroac\u0103-societate-400x226.png\" alt=\"\" width=\"400\" height=\"226\" \/><\/a><figcaption id=\"caption-attachment-6051\" class=\"wp-caption-text\">ENEL &#8211; cea mai escroac\u0103 societate<\/figcaption><\/figure>\n<p>Ei se f\u0103ceau c\u0103 se gr\u0103besc \u0219i se \u00eenv\u00e2rteau pe l\u00e2ng\u0103 directorul Ratea. D\u00e2nsul le-a spus la un moment dat: \u201egata, semnez, e bine a\u0219a, a\u021bi \u00eentocmit un contract cu o decedat\u0103?\u201d. Ei au spus c\u0103 nu e nici un fel de problem\u0103, va avea reducere. Directorul Ratea i-a l\u0103sat s\u0103 plece, acum vor fi cerceta\u021bi \u0219i aresta\u021bi pentru toate \u00een\u0219el\u0103ciunile pe care le practic\u0103 pe tot teritoriul Rom\u00e2niei. I-au instruit bine escrocii de directori \u0219i managerii pe tinerii escroci dar nu se a\u0219teapt\u0103 c\u0103 li se va \u00eenfunda. CEZ-ul pierde toate contractele cu to\u021bi cet\u0103\u021benii Rom\u00e2niei, \u00eei saboteaz\u0103 non-stop pe tot teritoriul Rom\u00e2niei. Mai grav este c\u0103 te las\u0103 escrocii f\u0103r\u0103 energie electric\u0103, \u00ee\u021bi cer bani \u0219i \u00ee\u021bi creaz\u0103 tot felul de probleme cu CEZ-ul. Fostul director general al SC ENEL ENERGIE SA, s-a aruncat de pe cl\u0103dire \u0219i a decedat.<\/p>\n<figure id=\"attachment_6053\" aria-describedby=\"caption-attachment-6053\" style=\"width: 400px\" class=\"wp-caption aligncenter\"><a href=\"http:\/\/www.editiespecialapress.ro\/wp\/wp-content\/uploads\/2019\/03\/Sediul-ENEL-aici-\u00ee\u0219i-desf\u0103\u0219oar\u0103-escrocii-activitatea-infrac\u021bional\u0103.jpg\"><img loading=\"lazy\" decoding=\"async\" class=\"size-medium wp-image-6053\" src=\"http:\/\/www.editiespecialapress.ro\/wp\/wp-content\/uploads\/2019\/03\/Sediul-ENEL-aici-\u00ee\u0219i-desf\u0103\u0219oar\u0103-escrocii-activitatea-infrac\u021bional\u0103-400x267.jpg\" alt=\"\" width=\"400\" height=\"267\" \/><\/a><figcaption id=\"caption-attachment-6053\" class=\"wp-caption-text\">Sediul ENEL &#8211; aici \u00ee\u0219i desf\u0103\u0219oar\u0103 escrocii activitatea infrac\u021bional\u0103<\/figcaption><\/figure>\n<p>A\u0219tept\u0103m s\u0103 vedem ce se \u00eent\u00e2mpl\u0103 \u0219i cu al doilea doilea director general Michele Abbate, dac\u0103 se va arunca de pe cl\u0103dire la prima audiere la organele de cercetare penal\u0103. Dac\u0103 nu va rezista la dosarul cel va preg\u0103ti directorul Iulian Ratea \u0219i cu acesta se va \u00eent\u00e2mpla ceva grav. Dar nu ne pare r\u0103u de el \u00eentruc\u00e2t a escrocat milioane de cet\u0103\u021beni ai Rom\u00e2niei, trebuie s\u0103-\u0219i primeasc\u0103 pedepse grele. Vrei nu vrei, te pomene\u0219ti escrocat de ace\u0219ti escroci ai SC ENEL, pierzi contractul cu CEZ-ul, r\u0103m\u00e2i f\u0103r\u0103 energie electrice \u0219.a.m.d. Mili\u021bia doarme \u00een fiecare localitate din \u021bar\u0103, cet\u0103\u021benii sun\u0103 dispera\u021bi c\u0103 au venit escrocii \u0219i i-au \u00een\u0219elat, distrug\u00e2ndu-le contractele cu CEZ. P\u00e2n\u0103 la aceast\u0103 or\u0103 nu s-au luat m\u0103surile legale ce se impun. Din informa\u021biile noastre a reie\u0219it c\u0103 \u0219i unii mili\u021bieni ar fi fost prosti\u021bi de escrocii SC ENEL. Escrocii sunt malefici au tupeu mare vor s\u0103 \u00een\u0219ele tot poporul. Le trebuie o b\u0103taie bun\u0103 s\u0103 nu mai plece prin \u021bar\u0103 la escrocat cet\u0103\u021benii Rom\u00e2niei. Directorul Iulian Ratea a fost sunat de cei de la CEZ. A fost anun\u021bat c\u0103 se desfin\u021beaz\u0103 contractul mamei lui \u00eentruc\u00e2t a f\u0103cut un contract cu ENEL. El le-a explicat tehnica infrac\u021bional\u0103 a escrocilor la cei de la CEZ, le-a mai spus c\u0103 escrocii au f\u0103cut un contract cu o persoan\u0103 decedat\u0103 \u0219i vor r\u0103spunde penal pentru tot. Cei de la CEZ au r\u0103mas cr\u0103c\u0103na\u021bi \u0219i mira\u021bi de ceea ce fac escrocii ENEL. Sunt slabi \u0219i cei de la CEZ, \u00eei saboteaz\u0103 non-stop p\u00e2n\u0103 vor da faliment! Tupeu \u0219i fapte penale grave din partea SC ENEL ENERGIE SA.<\/p>\n<p style=\"text-align: right;\">Articol de Ion M\u0103rg\u0103rit<\/p>\n","protected":false},"excerpt":{"rendered":"<p>Directorul Michele Abbate \u0219i managerul v\u00e2nz\u0103ri Adrian Ioan Faur trimit pe sclavii lor la domiciile cet\u0103\u021benilor, se dau drept lucr\u0103tori ai RENEL CEZ SA, \u00eentocmesc contracte \u00een mod abuziv \u0219i nu furnizeaz\u0103 energie electric\u0103 Dragii no\u0219tri cititori, continu\u0103m \u00een aceast\u0103 edi\u021bie cu cele mai mari dejec\u021bii ale SC ENEL ENERGIE SA Bucure\u0219ti, care \u00een\u0219eal\u0103 cet\u0103\u021benii [&hellip;]<\/p>\n","protected":false},"author":2,"featured_media":6052,"comment_status":"closed","ping_status":"open","sticky":false,"template":"","format":"standard","meta":{"footnotes":""},"categories":[2],"tags":[922,923,924,925],"class_list":{"0":"post-6048","1":"post","2":"type-post","3":"status-publish","4":"format-standard","5":"has-post-thumbnail","7":"category-ancheta","8":"tag-adrian-ioan-faur","9":"tag-enel","10":"tag-michele-abbate","11":"tag-renel-cez"},"_links":{"self":[{"href":"https:\/\/www.editiespecialapress.ro\/newtest\/wp-json\/wp\/v2\/posts\/6048","targetHints":{"allow":["GET"]}}],"collection":[{"href":"https:\/\/www.editiespecialapress.ro\/newtest\/wp-json\/wp\/v2\/posts"}],"about":[{"href":"https:\/\/www.editiespecialapress.ro\/newtest\/wp-json\/wp\/v2\/types\/post"}],"author":[{"embeddable":true,"href":"https:\/\/www.editiespecialapress.ro\/newtest\/wp-json\/wp\/v2\/users\/2"}],"replies":[{"embeddable":true,"href":"https:\/\/www.editiespecialapress.ro\/newtest\/wp-json\/wp\/v2\/comments?post=6048"}],"version-history":[{"count":0,"href":"https:\/\/www.editiespecialapress.ro\/newtest\/wp-json\/wp\/v2\/posts\/6048\/revisions"}],"wp:featuredmedia":[{"embeddable":true,"href":"https:\/\/www.editiespecialapress.ro\/newtest\/wp-json\/"}],"wp:attachment":[{"href":"https:\/\/www.editiespecialapress.ro\/newtest\/wp-json\/wp\/v2\/media?parent=6048"}],"wp:term":[{"taxonomy":"category","embeddable":true,"href":"https:\/\/www.editiespecialapress.ro\/newtest\/wp-json\/wp\/v2\/categories?post=6048"},{"taxonomy":"post_tag","embeddable":true,"href":"https:\/\/www.editiespecialapress.ro\/newtest\/wp-json\/wp\/v2\/tags?post=6048"}],"curies":[{"name":"wp","href":"https:\/\/api.w.org\/{rel}","templated":true}]}}