{"id":6072,"date":"2019-04-15T23:09:36","date_gmt":"2019-04-15T20:09:36","guid":{"rendered":"http:\/\/www.editiespecialapress.ro\/?p=6072"},"modified":"2019-04-15T23:09:36","modified_gmt":"2019-04-15T20:09:36","slug":"primarul-pitestiului-cornel-ionica-favorizat-de-judecatorii-tribunalului-arges-pentru-a-si-mentine-functia-de-primar-in-mod-abuziv","status":"publish","type":"post","link":"https:\/\/www.editiespecialapress.ro\/newtest\/2019\/04\/15\/primarul-pitestiului-cornel-ionica-favorizat-de-judecatorii-tribunalului-arges-pentru-a-si-mentine-functia-de-primar-in-mod-abuziv\/","title":{"rendered":"Primarul Pite\u0219tiului \u2013 Cornel Ionic\u0103, favorizat de judec\u0103torii Tribunalului Arge\u0219 pentru a-\u0219i men\u021bine func\u021bia de primar \u00een mod abuziv"},"content":{"rendered":"<p><strong><em>Primarul Pite\u0219tiului, Cornel Ionic\u0103 a fost pus din nou pe func\u021bie de judec\u0103torii corup\u021bi ai Tribunalului Arge\u0219<\/em><\/strong><\/p>\n<p>Dragii no\u0219tri cititori, continu\u0103m \u00een aceast\u0103 edi\u021bie cu primarul Ionic\u0103 care a fost favorizat pentru sume mari de euro pentru a-\u0219i rec\u0103p\u0103ta func\u021bia de primar.<\/p>\n<figure id=\"attachment_6073\" aria-describedby=\"caption-attachment-6073\" style=\"width: 230px\" class=\"wp-caption alignleft\"><a href=\"http:\/\/www.editiespecialapress.ro\/wp\/wp-content\/uploads\/2019\/04\/Cornel-Ionic\u0103-repus-\u00een-func\u021bia-de-primar-de-cei-mai-mari-corup\u021bi-judec\u0103tori.jpg\"><img loading=\"lazy\" decoding=\"async\" class=\" wp-image-6073\" src=\"http:\/\/www.editiespecialapress.ro\/wp\/wp-content\/uploads\/2019\/04\/Cornel-Ionic\u0103-repus-\u00een-func\u021bia-de-primar-de-cei-mai-mari-corup\u021bi-judec\u0103tori-343x300.jpg\" alt=\"\" width=\"230\" height=\"202\" \/><\/a><figcaption id=\"caption-attachment-6073\" class=\"wp-caption-text\">Cornel Ionic\u0103 repus \u00een func\u021bia de primar de cei mai mari corup\u021bi judec\u0103tori<\/figcaption><\/figure>\n<p>Primarul Pite\u0219tiului, Cornel Ionic\u0103 a pierdut procesul cu ANI, i s-a eliberat o decizie definitiv\u0103 \u0219i irevocabil\u0103 de un complet de judecat\u0103 al \u00cenaltei Cur\u021bi de Casa\u021bie \u0219i Justi\u021bie pentru a fi demis din func\u021bia de primar. Prefectul l-a \u021binut pe bar\u0103 din luna Ianuarie 2019 \u0219i p\u00e2n\u0103 \u00een prezent c\u00e2nd Liviu Dragnea a fost internat \u00een spital pentru a fi operat, gata \u0219i prefectul Emilian Dragnea a eliberat o decizie pentru \u00eentreruperea mandatului lui Cornel Ionic\u0103. Ce blat a avut Cornel Ionic\u0103 la pre\u0219edintele PSD \u2013 Liviu Dragnea de a b\u0103gat frica \u00een prefectul Emilian Dragnea care l-a \u021binut pe bar\u0103 circa 3 luni de zile de la eliberarea deciziei ICCJ.<\/p>\n<p>Din informa\u021biile noastre a reie\u0219it c\u0103 Cornel Ionic\u0103 a f\u0103cut blatul cu Completul de judecat\u0103 al Tribunalului Arge\u0219 \u0219i i-a admis contesta\u021bia la ordinul de suspendare emis de c\u0103tre Institu\u021bia Prefectului. Prefectul Emilian Dragnea nu a vrut s\u0103 declare Apel \u00eempotriva deciziei abuzive a Tribunalului Arge\u0219, deoarece i-a fost \u0219i \u00eei este tare fric\u0103 de pre\u0219edintele PSD \u2013 Liviu Dragnea. Dac\u0103 nu va declara Apel o s\u0103 r\u0103spund\u0103 penal pentru favorizarea incompatibilului Cornel Ionic\u0103. Completul de judecat\u0103 al I.C.C.J l-a declarat incompatibil pe primarul Cornel Ionic\u0103 \u0219i Tribunalul Arge\u0219 a eliberat o decizie abuziv\u0103 contra deciziei ICCJ suspend\u00e2nd Ordinul Prefectului. C\u00e2t\u0103 \u0219pag\u0103 a dat Cornel Ionic\u0103 la judec\u0103torii de la Tribunalul Arge\u0219 pentru a-\u0219i risca libertatea pentru eliberarea unei decizii favorizatoare incompatibilului. Judec\u0103torii de la Tribunalul Arge\u0219 avea obliga\u021bia legal\u0103 s\u0103 resping\u0103 contesta\u021bia primarului Ionic\u0103 \u00eentruc\u00e2t el a fost declarat incompatibil. Nu exist\u0103 motivare pentru asemenea fapte, dar judec\u0103torii de la Tribunalul Arge\u0219 au f\u0103cut o excep\u021bie abuziv\u0103 pentru mul\u021bi euro \u0219i i-a admis \u00een mod abuziv contesta\u021bia lui Cornel Ionic\u0103.<\/p>\n<figure id=\"attachment_6074\" aria-describedby=\"caption-attachment-6074\" style=\"width: 237px\" class=\"wp-caption alignright\"><a href=\"http:\/\/www.editiespecialapress.ro\/wp\/wp-content\/uploads\/2019\/04\/Liviu-Dragnea-\u00eel-sus\u0163ine-pe-Ionic\u0103-pentru-\u015fp\u0103gile-primite-lunar.jpg\"><img loading=\"lazy\" decoding=\"async\" class=\" wp-image-6074\" src=\"http:\/\/www.editiespecialapress.ro\/wp\/wp-content\/uploads\/2019\/04\/Liviu-Dragnea-\u00eel-sus\u0163ine-pe-Ionic\u0103-pentru-\u015fp\u0103gile-primite-lunar-316x300.jpg\" alt=\"\" width=\"237\" height=\"225\" \/><\/a><figcaption id=\"caption-attachment-6074\" class=\"wp-caption-text\">Liviu Dragnea \u00eel sus\u0163ine pe Ionic\u0103 pentru \u015fp\u0103gile primite lunar<\/figcaption><\/figure>\n<p>\u00centr-un cuv\u00e2nt, judec\u0103torii de la Tribunalul Arge\u0219 l-a trimis pe Cornel Ionic\u0103 la furat buget de stat cu firmele proprii pe care le de\u021bine. Nu i-a ajuns infractorului Ionic\u0103 c\u00e2t a furat bugetul Prim\u0103riei Pite\u0219ti circa 120 de milioane de euro pe an, patrimoniul prim\u0103riei ras, acum vrea din nou s\u0103 fure, nu s-a mai s\u0103turat. \u00cei este greu infractorului s\u0103 p\u0103r\u0103seasc\u0103 conturile Prim\u0103riei Pite\u0219ti! Face orice s\u0103 r\u0103m\u00e2n\u0103 c\u0103pus\u0103 la conturile Prim\u0103riei Pite\u0219ti, altfel r\u0103m\u00e2ne cioara f\u0103r\u0103 oxigen cei 120 de milioane de euro, bugetul Prim\u0103riei Pite\u0219ti care trebuie investit \u00een asfaltarea str\u0103zilor, modernizarea ora\u0219ului \u0219i altele. Ce justi\u021bie au arge\u0219enii \u00een Arge\u0219, \u021bin un primar incompatibil \u00een func\u021bie, mai grav este c\u0103 l-au trimis din nou la furat buget de stat. Pentru judec\u0103torii de la Tribunalul Arge\u0219 nu exist\u0103 respectarea unei decizii a \u00cenaltei Cur\u021bi de Casa\u021bie \u0219i Justi\u021bie, ei sunt cei mai tari, au anulat decizia ICCJ \u0219i au trimis infractorul primar la conturile Prim\u0103riei Pite\u0219ti pentru a sustrage to\u021bi banii cu firmele lui. C\u00e2t tupeu au ace\u0219ti judec\u0103tori infractori de la Tribunalul Arge\u0219. Trebuie cerceta\u021bi judec\u0103torii, de c\u0103tre procurorii de la sec\u021bia de investigare a infrac\u021biunilor din justi\u021bie, altfel Cornel Ionic\u0103 va sta ve\u0219nic c\u0103pu\u0219\u0103 la conturile Prim\u0103riei Pite\u0219ti. C\u00e2t de mizerabil este acest rrom, nu s-a mai s\u0103turat de c\u00e2nd fur\u0103 an de an. To\u021bi primarii care au fost declara\u021bi incompatibili au fost demi\u0219i prin Ordinul Prefectului numai Cornel Ionic\u0103, o cioar\u0103 gulerat\u0103 a f\u0103cut blatul cu judec\u0103torii de la Tribunalul Arge\u0219, e \u00een func\u021bia de primar \u0219i la aceast\u0103 or\u0103, fur\u0103 p\u00e2n\u0103 o s\u0103 moar\u0103 fur\u00e2nd. Cioara gulerat\u0103 \u0219i-a str\u00e2ns o avere de miliarde de euro,<\/p>\n<figure id=\"attachment_6075\" aria-describedby=\"caption-attachment-6075\" style=\"width: 194px\" class=\"wp-caption alignleft\"><a href=\"http:\/\/www.editiespecialapress.ro\/wp\/wp-content\/uploads\/2019\/04\/Lupu-Daniela-cea-mai-mare-corupt\u0103.jpg\"><img loading=\"lazy\" decoding=\"async\" class=\" wp-image-6075\" src=\"http:\/\/www.editiespecialapress.ro\/wp\/wp-content\/uploads\/2019\/04\/Lupu-Daniela-cea-mai-mare-corupt\u0103-264x300.jpg\" alt=\"\" width=\"194\" height=\"219\" \/><\/a><figcaption id=\"caption-attachment-6075\" class=\"wp-caption-text\">Lupu Daniela &#8211; cea mai mare corupt\u0103<\/figcaption><\/figure>\n<p>DNA Pite\u0219ti cea mai mare mizerie, nu a dispus cercetarea infractorului, din contr\u0103, l-au muls de bani lun\u0103 de lun\u0103. Domnul Liviu Dragnea a\u0219teapt\u0103 lun\u0103 de lun\u0103 \u0219paga de la cioara gulerat\u0103 Cornel Ionic\u0103. To\u021bi primarii PSD doneaz\u0103 la inculpatul Liviu Dragnea lun\u0103 de lun\u0103. Dac\u0103 nu-i d\u0103 \u0219paga \u00eei elibereaz\u0103 din func\u021bii cu CEX-ul PSD. Pentru Cornel Ionic\u0103 o decizie a ICCJ nu \u00eenseamn\u0103 nimic, doar Tribunalul Arge\u0219 \u00eenseamn\u0103 pentru el totul. La ICCJ nu a putut face blatul cu judec\u0103torii, dar la Tribunalul Arge\u0219 i-a corupt pe to\u021bi \u0219i l-au pus din nou primar de primar cu statut de c\u0103pu\u0219\u0103 la conturile Prim\u0103riei Pite\u0219ti. Lupu Daniela \u2013 \u0219efa DNA Pite\u0219ti \u00ee\u0219i a\u0219teapt\u0103 mandatele ca \u0219i procurorul Negulescu, DNA Pite\u0219ti e blocat din cauza acestei mizerii, unii procurori \u0219i comisari \u00ee\u0219i fac de cap, iau \u0219p\u0103gi pe ultima sut\u0103 de metri. Au s\u0103 trag\u0103 judec\u0103torii care l-au pus pe func\u021bia de primar pe Cornel Ionic\u0103, dar ce o s\u0103 trag\u0103 \u0219i cioara gulerat\u0103 pentru furtul bugetului an de an, precum \u0219i pentru furtul patrimoniului Prim\u0103riei Pite\u0219ti. P\u00e2n\u0103 la aceast\u0103 or\u0103 a avut noroc cu procurorul \u0219ef al DNA Pite\u0219ti, Daniela Lupu care i-a perceput \u0219p\u0103gi mari pentru a nu-l cerceta \u0219i de a nu se forma vreun dosar \u00eempotriva lui.<\/p>\n<figure id=\"attachment_6077\" aria-describedby=\"caption-attachment-6077\" style=\"width: 400px\" class=\"wp-caption aligncenter\"><a href=\"http:\/\/www.editiespecialapress.ro\/wp\/wp-content\/uploads\/2019\/04\/Tribunalul-Arge\u0219-o-dejec\u021bie.jpg\"><img loading=\"lazy\" decoding=\"async\" class=\"size-medium wp-image-6077\" src=\"http:\/\/www.editiespecialapress.ro\/wp\/wp-content\/uploads\/2019\/04\/Tribunalul-Arge\u0219-o-dejec\u021bie-400x273.jpg\" alt=\"\" width=\"400\" height=\"273\" \/><\/a><figcaption id=\"caption-attachment-6077\" class=\"wp-caption-text\">Tribunalul Arge\u0219 &#8211; o dejec\u021bie<\/figcaption><\/figure>\n<p>Numai noi c\u00e2te articole i-am trimis lui Lupu prin po\u0219t\u0103 pentru a se sesiza din oficiu sau de la mama ei de t\u00e2rf\u0103. Mai mare ciubucar\u0103 ca Lupu Daniela \u00een DNA nu exist\u0103. Va sta \u00een pu\u0219c\u0103rie peste 10 ani zi la zi \u2013 tot s\u0103 bage pu\u0219c\u0103rie la T\u00e2rg\u0219or.<\/p>\n<p style=\"text-align: right;\">Articol de Cosmin Tudorache<\/p>\n","protected":false},"excerpt":{"rendered":"<p>Primarul Pite\u0219tiului, Cornel Ionic\u0103 a fost pus din nou pe func\u021bie de judec\u0103torii corup\u021bi ai Tribunalului Arge\u0219 Dragii no\u0219tri cititori, continu\u0103m \u00een aceast\u0103 edi\u021bie cu primarul Ionic\u0103 care a fost favorizat pentru sume mari de euro pentru a-\u0219i rec\u0103p\u0103ta func\u021bia de primar. Primarul Pite\u0219tiului, Cornel Ionic\u0103 a pierdut procesul cu ANI, i s-a eliberat o [&hellip;]<\/p>\n","protected":false},"author":2,"featured_media":6076,"comment_status":"closed","ping_status":"open","sticky":false,"template":"","format":"standard","meta":{"footnotes":""},"categories":[2],"tags":[85,106,932,275,10],"class_list":{"0":"post-6072","1":"post","2":"type-post","3":"status-publish","4":"format-standard","5":"has-post-thumbnail","7":"category-ancheta","8":"tag-cornel-ionica","9":"tag-daniela-lupu","10":"tag-emilian-dragnea","11":"tag-liviu-dragnea","12":"tag-tribunalul-arges"},"_links":{"self":[{"href":"https:\/\/www.editiespecialapress.ro\/newtest\/wp-json\/wp\/v2\/posts\/6072","targetHints":{"allow":["GET"]}}],"collection":[{"href":"https:\/\/www.editiespecialapress.ro\/newtest\/wp-json\/wp\/v2\/posts"}],"about":[{"href":"https:\/\/www.editiespecialapress.ro\/newtest\/wp-json\/wp\/v2\/types\/post"}],"author":[{"embeddable":true,"href":"https:\/\/www.editiespecialapress.ro\/newtest\/wp-json\/wp\/v2\/users\/2"}],"replies":[{"embeddable":true,"href":"https:\/\/www.editiespecialapress.ro\/newtest\/wp-json\/wp\/v2\/comments?post=6072"}],"version-history":[{"count":0,"href":"https:\/\/www.editiespecialapress.ro\/newtest\/wp-json\/wp\/v2\/posts\/6072\/revisions"}],"wp:featuredmedia":[{"embeddable":true,"href":"https:\/\/www.editiespecialapress.ro\/newtest\/wp-json\/"}],"wp:attachment":[{"href":"https:\/\/www.editiespecialapress.ro\/newtest\/wp-json\/wp\/v2\/media?parent=6072"}],"wp:term":[{"taxonomy":"category","embeddable":true,"href":"https:\/\/www.editiespecialapress.ro\/newtest\/wp-json\/wp\/v2\/categories?post=6072"},{"taxonomy":"post_tag","embeddable":true,"href":"https:\/\/www.editiespecialapress.ro\/newtest\/wp-json\/wp\/v2\/tags?post=6072"}],"curies":[{"name":"wp","href":"https:\/\/api.w.org\/{rel}","templated":true}]}}