{"id":6096,"date":"2019-04-21T22:10:51","date_gmt":"2019-04-21T19:10:51","guid":{"rendered":"http:\/\/www.editiespecialapress.ro\/?p=6096"},"modified":"2019-04-21T22:10:51","modified_gmt":"2019-04-21T19:10:51","slug":"paste-fericit-primaria-oarja-2","status":"publish","type":"post","link":"https:\/\/www.editiespecialapress.ro\/newtest\/2019\/04\/21\/paste-fericit-primaria-oarja-2\/","title":{"rendered":"Pa\u0219te Fericit! &#8211; Prim\u0103ria Oarja"},"content":{"rendered":"<div class=\"post-entry\">\n<p>Azi, \u00een zi de s\u0103rb\u0103toare s\u0103 coboare lini\u0219tea \u0219i pacea. Minunea \u00cenvierii lui Iisus s\u0103 d\u0103inuie \u00een inimile voastre, s\u0103 v\u0103 lumineze via\u021ba \u0219i s\u0103 v\u0103 aduc\u0103 rena\u0219terea credin\u021bei, speran\u021bei, bucuriei cu bun\u0103tate \u0219i c\u0103ldur\u0103 \u00een suflete!\u00a0Sfintele s\u0103rb\u0103tori de Pa\u0219te s\u0103 v\u0103 aduc\u0103 lini\u0219te \u00een suflet, mult\u0103 bucurie, s\u0103n\u0103tate, fericire \u0219i puterea de a d\u0103rui \u0219i ajuta semenii. Hristos a \u00cenviat!<\/p>\n<p style=\"text-align: right;\"><em><strong><span id=\"yui_3_16_0_ym19_1_1482136924624_4467\">Prim\u0103ria Oarja AG, <\/span><\/strong><\/em><\/p>\n<p style=\"text-align: right;\"><em><strong><span id=\"yui_3_16_0_ym19_1_1482136924624_4467\">Primar B\u00eelea Constantin,<\/span>\u00a0\u00a0<\/strong><\/em><em><strong><span id=\"yui_3_16_0_ym19_1_1482136924624_4469\">\u00eempreun\u0103 cu angaja\u021bii Prim\u0103riei \u0219i Consiliul Local<\/span><\/strong><\/em><\/p>\n<\/div>\n","protected":false},"excerpt":{"rendered":"<p>Azi, \u00een zi de s\u0103rb\u0103toare s\u0103 coboare lini\u0219tea \u0219i pacea. Minunea \u00cenvierii lui Iisus s\u0103 d\u0103inuie \u00een inimile voastre, s\u0103 v\u0103 lumineze via\u021ba \u0219i s\u0103 v\u0103 aduc\u0103 rena\u0219terea credin\u021bei, speran\u021bei, bucuriei cu bun\u0103tate \u0219i c\u0103ldur\u0103 \u00een suflete!\u00a0Sfintele s\u0103rb\u0103tori de Pa\u0219te s\u0103 v\u0103 aduc\u0103 lini\u0219te \u00een suflet, mult\u0103 bucurie, s\u0103n\u0103tate, fericire \u0219i puterea de a d\u0103rui [&hellip;]<\/p>\n","protected":false},"author":2,"featured_media":6085,"comment_status":"closed","ping_status":"open","sticky":false,"template":"","format":"standard","meta":{"footnotes":""},"categories":[4],"tags":[],"class_list":{"0":"post-6096","1":"post","2":"type-post","3":"status-publish","4":"format-standard","5":"has-post-thumbnail","7":"category-felicitari"},"_links":{"self":[{"href":"https:\/\/www.editiespecialapress.ro\/newtest\/wp-json\/wp\/v2\/posts\/6096","targetHints":{"allow":["GET"]}}],"collection":[{"href":"https:\/\/www.editiespecialapress.ro\/newtest\/wp-json\/wp\/v2\/posts"}],"about":[{"href":"https:\/\/www.editiespecialapress.ro\/newtest\/wp-json\/wp\/v2\/types\/post"}],"author":[{"embeddable":true,"href":"https:\/\/www.editiespecialapress.ro\/newtest\/wp-json\/wp\/v2\/users\/2"}],"replies":[{"embeddable":true,"href":"https:\/\/www.editiespecialapress.ro\/newtest\/wp-json\/wp\/v2\/comments?post=6096"}],"version-history":[{"count":0,"href":"https:\/\/www.editiespecialapress.ro\/newtest\/wp-json\/wp\/v2\/posts\/6096\/revisions"}],"wp:featuredmedia":[{"embeddable":true,"href":"https:\/\/www.editiespecialapress.ro\/newtest\/wp-json\/"}],"wp:attachment":[{"href":"https:\/\/www.editiespecialapress.ro\/newtest\/wp-json\/wp\/v2\/media?parent=6096"}],"wp:term":[{"taxonomy":"category","embeddable":true,"href":"https:\/\/www.editiespecialapress.ro\/newtest\/wp-json\/wp\/v2\/categories?post=6096"},{"taxonomy":"post_tag","embeddable":true,"href":"https:\/\/www.editiespecialapress.ro\/newtest\/wp-json\/wp\/v2\/tags?post=6096"}],"curies":[{"name":"wp","href":"https:\/\/api.w.org\/{rel}","templated":true}]}}