{"id":6098,"date":"2019-04-21T22:13:24","date_gmt":"2019-04-21T19:13:24","guid":{"rendered":"http:\/\/www.editiespecialapress.ro\/?p=6098"},"modified":"2019-04-21T22:13:24","modified_gmt":"2019-04-21T19:13:24","slug":"paste-fericit-primaria-godeni","status":"publish","type":"post","link":"https:\/\/www.editiespecialapress.ro\/newtest\/2019\/04\/21\/paste-fericit-primaria-godeni\/","title":{"rendered":"Pa\u0219te Fericit! &#8211; Prim\u0103ria Godeni"},"content":{"rendered":"<p>Lumina \u015fi c\u0103ldura Pa\u015ftelui s\u0103 v\u0103 \u00eenc\u0103lzeasca sufletele, s\u0103 v\u0103 lumineze min\u0163ile, s\u0103 v\u0103 deschid\u0103 inimile spre iubire, credin\u0163\u0103 \u015fi iertare. S\u0103 fim mai buni, s\u0103 ne bucur\u0103m din plin de frumuse\u0163ea tuturor lucrurilor care ne \u00eenconjoar\u0103 \u015fi s\u0103 d\u0103ruim iubire celor dragi. S\u0103rb\u0103tori Fericite!<\/p>\n<p style=\"text-align: right;\"><em><strong><span id=\"yui_3_16_0_ym19_1_1482136924624_4467\">Prim\u0103ria Godeni AG, <\/span><\/strong><\/em><\/p>\n<p style=\"text-align: right;\"><em><strong><span id=\"yui_3_16_0_ym19_1_1482136924624_4467\">Primar P\u0103dureanu Ion,<\/span>\u00a0\u00a0<\/strong><\/em><em><strong><span id=\"yui_3_16_0_ym19_1_1482136924624_4469\">\u00eempreun\u0103 cu angaja\u021bii Prim\u0103riei \u0219i Consiliul Local<\/span><\/strong><\/em><\/p>\n","protected":false},"excerpt":{"rendered":"<p>Lumina \u015fi c\u0103ldura Pa\u015ftelui s\u0103 v\u0103 \u00eenc\u0103lzeasca sufletele, s\u0103 v\u0103 lumineze min\u0163ile, s\u0103 v\u0103 deschid\u0103 inimile spre iubire, credin\u0163\u0103 \u015fi iertare. S\u0103 fim mai buni, s\u0103 ne bucur\u0103m din plin de frumuse\u0163ea tuturor lucrurilor care ne \u00eenconjoar\u0103 \u015fi s\u0103 d\u0103ruim iubire celor dragi. S\u0103rb\u0103tori Fericite! Prim\u0103ria Godeni AG, Primar P\u0103dureanu Ion,\u00a0\u00a0\u00eempreun\u0103 cu angaja\u021bii Prim\u0103riei \u0219i [&hellip;]<\/p>\n","protected":false},"author":2,"featured_media":6086,"comment_status":"closed","ping_status":"open","sticky":false,"template":"","format":"standard","meta":{"footnotes":""},"categories":[4],"tags":[],"class_list":{"0":"post-6098","1":"post","2":"type-post","3":"status-publish","4":"format-standard","5":"has-post-thumbnail","7":"category-felicitari"},"_links":{"self":[{"href":"https:\/\/www.editiespecialapress.ro\/newtest\/wp-json\/wp\/v2\/posts\/6098","targetHints":{"allow":["GET"]}}],"collection":[{"href":"https:\/\/www.editiespecialapress.ro\/newtest\/wp-json\/wp\/v2\/posts"}],"about":[{"href":"https:\/\/www.editiespecialapress.ro\/newtest\/wp-json\/wp\/v2\/types\/post"}],"author":[{"embeddable":true,"href":"https:\/\/www.editiespecialapress.ro\/newtest\/wp-json\/wp\/v2\/users\/2"}],"replies":[{"embeddable":true,"href":"https:\/\/www.editiespecialapress.ro\/newtest\/wp-json\/wp\/v2\/comments?post=6098"}],"version-history":[{"count":0,"href":"https:\/\/www.editiespecialapress.ro\/newtest\/wp-json\/wp\/v2\/posts\/6098\/revisions"}],"wp:featuredmedia":[{"embeddable":true,"href":"https:\/\/www.editiespecialapress.ro\/newtest\/wp-json\/"}],"wp:attachment":[{"href":"https:\/\/www.editiespecialapress.ro\/newtest\/wp-json\/wp\/v2\/media?parent=6098"}],"wp:term":[{"taxonomy":"category","embeddable":true,"href":"https:\/\/www.editiespecialapress.ro\/newtest\/wp-json\/wp\/v2\/categories?post=6098"},{"taxonomy":"post_tag","embeddable":true,"href":"https:\/\/www.editiespecialapress.ro\/newtest\/wp-json\/wp\/v2\/tags?post=6098"}],"curies":[{"name":"wp","href":"https:\/\/api.w.org\/{rel}","templated":true}]}}