{"id":6104,"date":"2019-04-21T22:09:30","date_gmt":"2019-04-21T19:09:30","guid":{"rendered":"http:\/\/www.editiespecialapress.ro\/?p=6104"},"modified":"2019-04-21T22:09:30","modified_gmt":"2019-04-21T19:09:30","slug":"paste-fericit-primaria-cosesti","status":"publish","type":"post","link":"https:\/\/www.editiespecialapress.ro\/newtest\/2019\/04\/21\/paste-fericit-primaria-cosesti\/","title":{"rendered":"Pa\u0219te Fericit! &#8211; Prim\u0103ria Co\u0219e\u0219ti"},"content":{"rendered":"<p class=\"clip_int\">\u00cenvierea Domnului s\u0103 v\u0103 umple sufletul de lumin\u0103, ochii de lacrimile bucuriei, mintea de g\u00e2nduri frumoase \u015fi inima de iubire! S\u0103rb\u0103torile Pascale s\u0103 v\u0103 aduca armonie \u00een cas\u0103 \u015fi \u00een g\u00e2nd, \u00eemp\u0103care \u015fi reg\u0103sirea \u00een\u0163elepciunii \u00een s\u00e2nul familiei. Fie ca Pa\u015ftele s\u0103 v\u0103 \u00eent\u0103reasc\u0103 \u00eencrederea \u015fi speran\u0163a! Bucuria vine din lucruri m\u0103runte. Lini\u015ftea vine din suflet. Lumina vine din inima fiec\u0103ruia. Pa\u015fte Fericit!<\/p>\n<p style=\"text-align: right;\"><em><strong><span id=\"yui_3_16_0_ym19_1_1482136924624_4467\">Prim\u0103ria Co\u0219e\u0219ti AG, <\/span><\/strong><\/em><\/p>\n<p style=\"text-align: right;\"><em><strong><span id=\"yui_3_16_0_ym19_1_1482136924624_4467\">Primar Pan\u0103 Nicolae,<\/span>\u00a0\u00a0<\/strong><strong><span id=\"yui_3_16_0_ym19_1_1482136924624_4469\">\u00eempreun\u0103 cu angaja\u021bii Prim\u0103riei \u0219i Consiliul Loca<\/span><\/strong>l<\/em><\/p>\n<p>&nbsp;<\/p>\n","protected":false},"excerpt":{"rendered":"<p>\u00cenvierea Domnului s\u0103 v\u0103 umple sufletul de lumin\u0103, ochii de lacrimile bucuriei, mintea de g\u00e2nduri frumoase \u015fi inima de iubire! S\u0103rb\u0103torile Pascale s\u0103 v\u0103 aduca armonie \u00een cas\u0103 \u015fi \u00een g\u00e2nd, \u00eemp\u0103care \u015fi reg\u0103sirea \u00een\u0163elepciunii \u00een s\u00e2nul familiei. Fie ca Pa\u015ftele s\u0103 v\u0103 \u00eent\u0103reasc\u0103 \u00eencrederea \u015fi speran\u0163a! Bucuria vine din lucruri m\u0103runte. Lini\u015ftea vine din [&hellip;]<\/p>\n","protected":false},"author":2,"featured_media":6105,"comment_status":"closed","ping_status":"open","sticky":false,"template":"","format":"standard","meta":{"footnotes":""},"categories":[4],"tags":[],"class_list":{"0":"post-6104","1":"post","2":"type-post","3":"status-publish","4":"format-standard","5":"has-post-thumbnail","7":"category-felicitari"},"_links":{"self":[{"href":"https:\/\/www.editiespecialapress.ro\/newtest\/wp-json\/wp\/v2\/posts\/6104","targetHints":{"allow":["GET"]}}],"collection":[{"href":"https:\/\/www.editiespecialapress.ro\/newtest\/wp-json\/wp\/v2\/posts"}],"about":[{"href":"https:\/\/www.editiespecialapress.ro\/newtest\/wp-json\/wp\/v2\/types\/post"}],"author":[{"embeddable":true,"href":"https:\/\/www.editiespecialapress.ro\/newtest\/wp-json\/wp\/v2\/users\/2"}],"replies":[{"embeddable":true,"href":"https:\/\/www.editiespecialapress.ro\/newtest\/wp-json\/wp\/v2\/comments?post=6104"}],"version-history":[{"count":0,"href":"https:\/\/www.editiespecialapress.ro\/newtest\/wp-json\/wp\/v2\/posts\/6104\/revisions"}],"wp:featuredmedia":[{"embeddable":true,"href":"https:\/\/www.editiespecialapress.ro\/newtest\/wp-json\/"}],"wp:attachment":[{"href":"https:\/\/www.editiespecialapress.ro\/newtest\/wp-json\/wp\/v2\/media?parent=6104"}],"wp:term":[{"taxonomy":"category","embeddable":true,"href":"https:\/\/www.editiespecialapress.ro\/newtest\/wp-json\/wp\/v2\/categories?post=6104"},{"taxonomy":"post_tag","embeddable":true,"href":"https:\/\/www.editiespecialapress.ro\/newtest\/wp-json\/wp\/v2\/tags?post=6104"}],"curies":[{"name":"wp","href":"https:\/\/api.w.org\/{rel}","templated":true}]}}