{"id":6116,"date":"2019-04-21T22:05:38","date_gmt":"2019-04-21T19:05:38","guid":{"rendered":"http:\/\/www.editiespecialapress.ro\/?p=6116"},"modified":"2019-04-21T22:05:38","modified_gmt":"2019-04-21T19:05:38","slug":"paste-fericit-primaria-vedea","status":"publish","type":"post","link":"https:\/\/www.editiespecialapress.ro\/newtest\/2019\/04\/21\/paste-fericit-primaria-vedea\/","title":{"rendered":"Pa\u0219te Fericit! &#8211; Prim\u0103ria Vedea"},"content":{"rendered":"<p>Pentru unii, Pa\u015ftele e un moment de \u00eentregire a familiei, \u00een care \u00ee\u015fi doresc pace \u015fi bucurie. Pentru al\u0163ii, e o zi \u00een care se distreaz\u0103 ceva mai mult sau scap\u0103 de serviciu ori de \u015fcoal\u0103. Pentru noi e pur \u015fi simplu o zi minunat\u0103, pe care vreau s\u0103 o \u00eemp\u0103rt\u0103\u015fim cu voi. E at\u00e2ta lumin\u0103 \u00een jur, pentru fiecare dintre noi. L\u0103sa\u021bi lumina s\u0103 intre \u00een casa sufletului vostru \u015fi v\u0103 ve\u021bi sim\u0163i cu adev\u0103rat \u00eemplini\u021bi. Pa\u0219te Fericit!<\/p>\n<p style=\"text-align: right;\"><em><strong><span id=\"yui_3_16_0_ym19_1_1482136924624_4467\">Prim\u0103ria Vedea AG, <\/span><\/strong><\/em><\/p>\n<p style=\"text-align: right;\"><em><strong><span id=\"yui_3_16_0_ym19_1_1482136924624_4467\">Primar Dochinoiu Nicolae,<\/span>\u00a0\u00a0<\/strong><\/em><em><strong><span id=\"yui_3_16_0_ym19_1_1482136924624_4469\">\u00eempreun\u0103 cu angaja\u021bii Prim\u0103riei \u0219i Consiliul Local<\/span><\/strong><\/em><\/p>\n","protected":false},"excerpt":{"rendered":"<p>Pentru unii, Pa\u015ftele e un moment de \u00eentregire a familiei, \u00een care \u00ee\u015fi doresc pace \u015fi bucurie. Pentru al\u0163ii, e o zi \u00een care se distreaz\u0103 ceva mai mult sau scap\u0103 de serviciu ori de \u015fcoal\u0103. Pentru noi e pur \u015fi simplu o zi minunat\u0103, pe care vreau s\u0103 o \u00eemp\u0103rt\u0103\u015fim cu voi. E at\u00e2ta [&hellip;]<\/p>\n","protected":false},"author":2,"featured_media":6118,"comment_status":"closed","ping_status":"open","sticky":false,"template":"","format":"standard","meta":{"footnotes":""},"categories":[4],"tags":[],"class_list":{"0":"post-6116","1":"post","2":"type-post","3":"status-publish","4":"format-standard","5":"has-post-thumbnail","7":"category-felicitari"},"_links":{"self":[{"href":"https:\/\/www.editiespecialapress.ro\/newtest\/wp-json\/wp\/v2\/posts\/6116","targetHints":{"allow":["GET"]}}],"collection":[{"href":"https:\/\/www.editiespecialapress.ro\/newtest\/wp-json\/wp\/v2\/posts"}],"about":[{"href":"https:\/\/www.editiespecialapress.ro\/newtest\/wp-json\/wp\/v2\/types\/post"}],"author":[{"embeddable":true,"href":"https:\/\/www.editiespecialapress.ro\/newtest\/wp-json\/wp\/v2\/users\/2"}],"replies":[{"embeddable":true,"href":"https:\/\/www.editiespecialapress.ro\/newtest\/wp-json\/wp\/v2\/comments?post=6116"}],"version-history":[{"count":0,"href":"https:\/\/www.editiespecialapress.ro\/newtest\/wp-json\/wp\/v2\/posts\/6116\/revisions"}],"wp:featuredmedia":[{"embeddable":true,"href":"https:\/\/www.editiespecialapress.ro\/newtest\/wp-json\/"}],"wp:attachment":[{"href":"https:\/\/www.editiespecialapress.ro\/newtest\/wp-json\/wp\/v2\/media?parent=6116"}],"wp:term":[{"taxonomy":"category","embeddable":true,"href":"https:\/\/www.editiespecialapress.ro\/newtest\/wp-json\/wp\/v2\/categories?post=6116"},{"taxonomy":"post_tag","embeddable":true,"href":"https:\/\/www.editiespecialapress.ro\/newtest\/wp-json\/wp\/v2\/tags?post=6116"}],"curies":[{"name":"wp","href":"https:\/\/api.w.org\/{rel}","templated":true}]}}