{"id":6142,"date":"2019-05-20T22:28:55","date_gmt":"2019-05-20T19:28:55","guid":{"rendered":"http:\/\/www.editiespecialapress.ro\/?p=6142"},"modified":"2019-05-20T22:28:55","modified_gmt":"2019-05-20T19:28:55","slug":"la-multi-ani-de-sf-constantin-si-elena-editie-speciala-press-2","status":"publish","type":"post","link":"https:\/\/www.editiespecialapress.ro\/newtest\/2019\/05\/20\/la-multi-ani-de-sf-constantin-si-elena-editie-speciala-press-2\/","title":{"rendered":"La mul\u021bi ani de Sf.Constantin \u0219i Elena! \u2013 Edi\u021bie Special\u0103 Press"},"content":{"rendered":"<div class=\"post-entry\">\n<p>Cu ocazia zilei onomastice, v\u0103 dorim cele mai calde ur\u0103ri de bine, un an de prosperitate, un veac de s\u0103n\u0103tate, fericire si iubire. <strong>\u00a0<\/strong>Sa ave\u021bi parte de c\u00e2t de mult\u0103 fericire v\u0103 poate cuprinde inima, de c\u00e2t de multe z\u00e2mbete v\u0103 poate d\u0103rui o zi si de toate binecuv\u00e2nt\u0103rile pe care vi le poate aduce via\u0163a. Mult noroc in aceast\u0103 zi special\u0103. V\u0103 dorim s\u0103 vi se \u00eendeplineasc\u0103 toate dorin\u021bele \u0219i numai bucurii s\u0103 ave\u021bi! La mul\u0163i ani Constantin \/ Costic\u0103 \/ Costel \/ Costin \/ Costi \/ Costinel \/ Costelus \/ Elena \/ Ileana \/ Leana \/ Lena \/ Nuti \/ Lenuta!<\/p>\n<p style=\"text-align: right;\"><strong>Edi\u021bie Special\u0103 Press, <\/strong><\/p>\n<p><strong>\u00a0\u00a0\u00a0\u00a0\u00a0\u00a0\u00a0\u00a0\u00a0\u00a0\u00a0\u00a0\u00a0\u00a0\u00a0\u00a0\u00a0\u00a0\u00a0\u00a0\u00a0\u00a0\u00a0\u00a0\u00a0\u00a0\u00a0\u00a0\u00a0\u00a0\u00a0\u00a0\u00a0\u00a0\u00a0\u00a0\u00a0\u00a0\u00a0\u00a0\u00a0\u00a0\u00a0\u00a0\u00a0\u00a0\u00a0\u00a0\u00a0\u00a0\u00a0\u00a0\u00a0\u00a0\u00a0\u00a0\u00a0\u00a0\u00a0\u00a0\u00a0\u00a0\u00a0\u00a0\u00a0\u00a0\u00a0\u00a0\u00a0 Director General Iulian Ratea \u00eempreun\u0103 cu \u00eentreaga redac\u021bie<\/strong><\/p>\n<\/div>\n","protected":false},"excerpt":{"rendered":"<p>Cu ocazia zilei onomastice, v\u0103 dorim cele mai calde ur\u0103ri de bine, un an de prosperitate, un veac de s\u0103n\u0103tate, fericire si iubire. \u00a0Sa ave\u021bi parte de c\u00e2t de mult\u0103 fericire v\u0103 poate cuprinde inima, de c\u00e2t de multe z\u00e2mbete v\u0103 poate d\u0103rui o zi si de toate binecuv\u00e2nt\u0103rile pe care vi le poate aduce [&hellip;]<\/p>\n","protected":false},"author":2,"featured_media":6143,"comment_status":"closed","ping_status":"open","sticky":false,"template":"","format":"standard","meta":{"footnotes":""},"categories":[4],"tags":[],"class_list":{"0":"post-6142","1":"post","2":"type-post","3":"status-publish","4":"format-standard","5":"has-post-thumbnail","7":"category-felicitari"},"_links":{"self":[{"href":"https:\/\/www.editiespecialapress.ro\/newtest\/wp-json\/wp\/v2\/posts\/6142","targetHints":{"allow":["GET"]}}],"collection":[{"href":"https:\/\/www.editiespecialapress.ro\/newtest\/wp-json\/wp\/v2\/posts"}],"about":[{"href":"https:\/\/www.editiespecialapress.ro\/newtest\/wp-json\/wp\/v2\/types\/post"}],"author":[{"embeddable":true,"href":"https:\/\/www.editiespecialapress.ro\/newtest\/wp-json\/wp\/v2\/users\/2"}],"replies":[{"embeddable":true,"href":"https:\/\/www.editiespecialapress.ro\/newtest\/wp-json\/wp\/v2\/comments?post=6142"}],"version-history":[{"count":0,"href":"https:\/\/www.editiespecialapress.ro\/newtest\/wp-json\/wp\/v2\/posts\/6142\/revisions"}],"wp:featuredmedia":[{"embeddable":true,"href":"https:\/\/www.editiespecialapress.ro\/newtest\/wp-json\/"}],"wp:attachment":[{"href":"https:\/\/www.editiespecialapress.ro\/newtest\/wp-json\/wp\/v2\/media?parent=6142"}],"wp:term":[{"taxonomy":"category","embeddable":true,"href":"https:\/\/www.editiespecialapress.ro\/newtest\/wp-json\/wp\/v2\/categories?post=6142"},{"taxonomy":"post_tag","embeddable":true,"href":"https:\/\/www.editiespecialapress.ro\/newtest\/wp-json\/wp\/v2\/tags?post=6142"}],"curies":[{"name":"wp","href":"https:\/\/api.w.org\/{rel}","templated":true}]}}