{"id":6177,"date":"2019-06-19T01:00:33","date_gmt":"2019-06-18T22:00:33","guid":{"rendered":"http:\/\/www.editiespecialapress.ro\/?p=6177"},"modified":"2019-06-19T01:00:33","modified_gmt":"2019-06-18T22:00:33","slug":"nepotii-primarului-ion-dumitru-asasini-desavarsiti-dar-si-viitori-puscariasi-desavarsiti","status":"publish","type":"post","link":"https:\/\/www.editiespecialapress.ro\/newtest\/2019\/06\/19\/nepotii-primarului-ion-dumitru-asasini-desavarsiti-dar-si-viitori-puscariasi-desavarsiti\/","title":{"rendered":"Nepo\u021bii primarului Ion Dumitru, asasini des\u0103v\u00e2r\u0219i\u021bi dar \u0219i viitori pu\u0219c\u0103ria\u0219i des\u0103v\u00e2r\u0219i\u021bi"},"content":{"rendered":"<p><strong>Nepo\u021bii primarului Ion Dumitru: Alex Dumitru, Robert Dumitru \u0219i Aihan Dumitru, asasini f\u0103r\u0103 scrupule<\/strong><\/p>\n<p>Dragii no\u0219tri cititori, continu\u0103m \u00een aceast\u0103 edi\u021bie cu cei mai nenoroci\u021bi asasini din Comuna Albota, jud. Arge\u0219: Robert Dumitru, Alex Dumitru \u0219i Aihan Dumitru.<\/p>\n<figure id=\"attachment_6180\" aria-describedby=\"caption-attachment-6180\" style=\"width: 250px\" class=\"wp-caption alignleft\"><a href=\"http:\/\/www.editiespecialapress.ro\/wp\/wp-content\/uploads\/2019\/06\/Dumitru-Ion-asasin-profesionist.jpg\"><img loading=\"lazy\" decoding=\"async\" class=\" wp-image-6180\" src=\"http:\/\/www.editiespecialapress.ro\/wp\/wp-content\/uploads\/2019\/06\/Dumitru-Ion-asasin-profesionist-400x296.jpg\" alt=\"\" width=\"250\" height=\"187\" \/><\/a><figcaption id=\"caption-attachment-6180\" class=\"wp-caption-text\">Dumitru Ion, asasin profesionist<\/figcaption><\/figure>\n<p>Primarul Comunei Albota, Ion Dumitru a instigat \u0219i \u00eenv\u0103\u021bat pe nepo\u021bii lui, Robert, Alex \u0219i Aihan s\u0103 comit\u0103 asasinate pe raza comunei Albota \u0219i \u00een Municipiul Pite\u0219ti. Acest primar retard \u00een prim\u0103 faz\u0103 a pus pe nepotul lui Aihan Dumitru s\u0103-l loveasc\u0103 pe strad\u0103 pe directorul publica\u021biei noastre Iulian Ratea. Directorul Ratea s-a ap\u0103rat \u0219i i-a atras aten\u021bia romului Aihan c\u0103 \u00eel va duce la poli\u021bie. Nu a dat \u00een el de\u0219i o merita. Dup\u0103 acest incident, directorul Iulian Ratea a fost c\u0103utat de tat\u0103l acestuia, Dumitru Robert. Acest infractor trimis tot de primarul Ion Dumitru a \u00eenceput s\u0103 amenin\u021be c\u0103 \u00eel va asasina cu autoturismul. Nu a trecut mult timp \u0219i a \u00eencercat s\u0103-l asasineze pe directorul Ratea cu un autoturism dar directorul Ratea a \u0219tiut c\u0103 vrea s\u0103-l asasineze \u0219i a putut ie\u0219i din aceast\u0103 situa\u021bie grav\u0103. A sesizat poli\u021bia \u0219i Parchetul pentru ai cerceta pe cei doi asasini Robert \u0219i Aihan. Au fost audia\u021bi de procuror, nu \u0219i-au recunoscut faptele, au min\u021bit procurorul cu un tupeu de asasini. Directorul Ratea a propus-o ca martor chiar pe so\u021bia rrom\u0103 a infractorului Dumitru Robert. Aceast\u0103 rrom\u0103 needucat\u0103 a declarat numai minciuni, a min\u021bit pe procuror cu un tupeu de rrom\u0103 needucat\u0103. Iulian Ratea a efectuat poze la urmele de fr\u00e2nare imediat dup\u0103 incident, dup\u0103 aceea au venit \u0219i poli\u021bi\u0219tii de la sec\u021bia de poli\u021bie Albota la care au m\u0103surat urmele de fr\u00e2nare \u00een lungime \u0219i l\u0103\u021bime. Procurorul de cercetare penal\u0103 a solicitat \u00eenregistr\u0103rile video la solicit\u0103rile directorului Iulian Ratea, unde se vede autoturismul c\u0103 s-a \u00eentors rapid dup\u0103 directorul Ratea. A\u0219a c\u0103, infractorii nu pot acoperi tentativa de omor. Martora mincinoas\u0103 propus\u0103 de directorul Ratea \u00ee\u0219i va lua pedeaps\u0103 pentru favorizarea f\u0103ptuitorilor \u0219i pentru m\u0103rturie mincinoas\u0103.<\/p>\n<figure id=\"attachment_6183\" aria-describedby=\"caption-attachment-6183\" style=\"width: 218px\" class=\"wp-caption alignright\"><a href=\"http:\/\/www.editiespecialapress.ro\/wp\/wp-content\/uploads\/2019\/06\/Robert-Dumitru-asasin-p\u00e2r\u00e2t.png\"><img loading=\"lazy\" decoding=\"async\" class=\"size-medium wp-image-6183\" src=\"http:\/\/www.editiespecialapress.ro\/wp\/wp-content\/uploads\/2019\/06\/Robert-Dumitru-asasin-p\u00e2r\u00e2t-218x300.png\" alt=\"\" width=\"218\" height=\"300\" \/><\/a><figcaption id=\"caption-attachment-6183\" class=\"wp-caption-text\">Robert Dumitru, asasin p\u00e2r\u00e2t<\/figcaption><\/figure>\n<p>A doua zi dup\u0103 aceast\u0103 tentativ\u0103 de omor, nepotul primarului Alex Dumitru, un pu\u0219c\u0103ria\u0219 vechi, l-a c\u0103utat pe directorul Ratea timp de 8 ore p\u00e2n\u0103 l-a g\u0103sit. Acesta s-a dat jos din autoturism \u0219i a \u00eenceput s\u0103-l amenin\u021be c\u0103-l va bate \u0219i \u00eel va distruge. Tot primarul Ion Dumitru l-a instigat \u0219i pe acest pu\u0219c\u0103ria\u0219 notoriu s\u0103 amenin\u021be \u0219i s\u0103-l urm\u0103reasc\u0103 pe directorul Ratea. Nu mai poate primarul Dumitru s\u0103 reziste la articolele publicate de noi. Faptele penale grave ale primarului Dumitru \u0219i-au spus cuv\u00e2ntul, a \u00eennebunit tot neamul. Articolele noastre \u00eei m\u0103n\u00e2nc\u0103 libertatea, el nu-\u0219i dore\u0219te a\u0219a ceva, \u021bine ascuns toate infrac\u021biunile grave pe care le-a comis de c\u00e2nd e primar. To\u021bi infractorii vor fi testa\u021bi cu aparatul poligraf la IPJ Arge\u0219. Dup\u0103 aceste incidente, la circa 10 zile, din nou nepo\u021bii primarului Dumitru: Robert Dumitru, Aihan Dumitru \u0219i al\u021bi doi infractori l-au c\u0103utat pe directorul Iulian Ratea s\u0103-l asasineze cu autoturismul. Directorul Ratea se afla la un magazin din comuna Albota iar Robert Dumitru conducea foarte tare, nervos \u00eenjura \u0219i \u00eel amenin\u021ba c\u0103-l va asasina, \u00eel va b\u0103ga la c\u0103ru\u021b \u0219.a.m.d. Directorul Ratea \u0219tia c\u0103 vrea s\u0103-l asasineze cu autoturismul. Av\u00e2nd \u00een vedere c\u0103 pe acea strad\u0103 unde trebuia s\u0103 se deplaseze erau numai garduri nu avea nici o sc\u0103pare dac\u0103 pleca pe strad\u0103. I-a l\u0103sat s\u0103-l urm\u0103reasc\u0103, dup\u0103 aceea au hot\u0103r\u00e2t s\u0103 opreasc\u0103 autoturismul \u00een fa\u021ba magazinului d\u00e2ndu-se to\u021bi jos din autoturism pentru a-l asasina pe director. S-au repezit s\u0103-l loveasc\u0103 s\u0103-l dea cu capul de ciment dar nu au reu\u0219it. \u00cen schimb l-au amenin\u021bat c\u0103-l vor asasina \u0219i-l vor b\u0103ga la c\u0103ru\u021b cu rotile.<\/p>\n<figure id=\"attachment_6179\" aria-describedby=\"caption-attachment-6179\" style=\"width: 225px\" class=\"wp-caption alignleft\"><a href=\"http:\/\/www.editiespecialapress.ro\/wp\/wp-content\/uploads\/2019\/06\/Alex-Dumitru-un-pu\u0219c\u0103ria\u0219-sifon-care-amenin\u021b\u0103-non-stop.png\"><img loading=\"lazy\" decoding=\"async\" class=\"size-medium wp-image-6179\" src=\"http:\/\/www.editiespecialapress.ro\/wp\/wp-content\/uploads\/2019\/06\/Alex-Dumitru-un-pu\u0219c\u0103ria\u0219-sifon-care-amenin\u021b\u0103-non-stop-225x300.png\" alt=\"\" width=\"225\" height=\"300\" \/><\/a><figcaption id=\"caption-attachment-6179\" class=\"wp-caption-text\">Alex Dumitru, un pu\u0219c\u0103ria\u0219 sifon care amenin\u021b\u0103 non-stop<\/figcaption><\/figure>\n<p>Tot timpul infractorii au fost \u00eenregistra\u021bi, a\u0219a c\u0103 vor fi aresta\u021bi dup\u0103 ce va depune pl\u00e2ngerea penal\u0103 \u0219i aceste \u00eenregistr\u0103ri. A doua zi, primarul Dumitru a dat ordin b\u0103ie\u021bilor care se ocup\u0103 de camerele de supraveghere de pe raza comunei Albota s\u0103 scoat\u0103 dispozitivul de la camera video cu infraro\u0219ii ce se afl\u0103 pe st\u00e2lpul din fa\u021ba Prim\u0103riei. El crede c\u0103 l-ar putea p\u0103c\u0103li pe procuror \u0219i pe ofi\u021berii de poli\u021bie criminali\u0219ti, \u00een sensul c\u0103, acea camer\u0103 nu a fost montat\u0103 \u0219i nu a surprins imaginile de monitorizare \u0219i inten\u021bia de al asasina pe directorul Iulian Ratea. Mai prost primar ca \u0103sta nu exist\u0103 pe raza jude\u021bului Arge\u0219. El crede c\u0103 dac\u0103 a pl\u0103tit nepo\u021bi cu bani grei s\u0103-l asasineze pe director \u00eei va \u0219i ie\u0219i planul?! S-ar putea s\u0103 stea \u0219i el la pu\u0219c\u0103rie cu nepo\u021bii vreo 10 ani de zile ca b\u0103ie\u021bii de\u0219tep\u021bi. Directorul Ratea a fost informat din timp c\u0103 ace\u0219ti infractori \u00eel urm\u0103resc \u0219i vor s\u0103-l asasineze noaptea cu autoturismul. Chiar \u00eei a\u0219teapt\u0103 s\u0103 \u00eencerce din nou s\u0103-l asasineze, \u0219tie c\u0103 nu vor reu\u0219i niciodat\u0103. Directorul s-a uitat cu o or\u0103 \u00eenainte la camera de supraveghere de la Prim\u0103ria Albota s\u0103 vad\u0103 dac\u0103 func\u021bioneaz\u0103, ea era montat\u0103 normal perfect func\u021bional\u0103 dar a doua zi nea Dumitru a \u0219i dat ordin s\u0103 o demonteze, vr\u00e2nd s\u0103 creeze o diversiune c\u0103 nu ar fi fost montat\u0103 camera de supraveghere. Mare infractor e acest bastard de primar Ion Dumitru. Cum ne-am apucat s\u0103-l public\u0103m din nou cum a \u00eenceput s\u0103-\u0219i trimit\u0103 nepo\u021bii \u0219i al\u021bi infractori s\u0103-l asasineze pe director. Chiar el, primarul bastard Ion Dumitru a \u00eencercat o dat\u0103 s\u0103-l asasineze cu automobilul prim\u0103riei pe directorul Ratea.<\/p>\n<figure id=\"attachment_6178\" aria-describedby=\"caption-attachment-6178\" style=\"width: 290px\" class=\"wp-caption alignright\"><a href=\"http:\/\/www.editiespecialapress.ro\/wp\/wp-content\/uploads\/2019\/06\/Aihan-Dumitru-un-rrom-retardat-vrea-s\u0103-devin\u0103-asasin.png\"><img loading=\"lazy\" decoding=\"async\" class=\"size-medium wp-image-6178\" src=\"http:\/\/www.editiespecialapress.ro\/wp\/wp-content\/uploads\/2019\/06\/Aihan-Dumitru-un-rrom-retardat-vrea-s\u0103-devin\u0103-asasin-290x300.png\" alt=\"\" width=\"290\" height=\"300\" \/><\/a><figcaption id=\"caption-attachment-6178\" class=\"wp-caption-text\">Aihan Dumitru, un rrom retardat, vrea s\u0103 devin\u0103 asasin<\/figcaption><\/figure>\n<p>A\u0219a c\u0103 \u0219tie Ion cu ce se m\u0103n\u00e2nc\u0103 tentativele de omor \u0219i omorul. El a asasinat mai mul\u021bi cet\u0103\u021beni ai comunei Albota \u00eemping\u00e2ndu-i pe sc\u0103rile prim\u0103riei \u0219i c\u0103z\u00e2nd cu capetele de beton. Nu au decedat pe loc, unii au decedat dup\u0103 un timp, al\u021bii mai rapid la spital. Bie\u021bii oameni, se duceau s\u0103-\u0219i cear\u0103 mo\u0219tenirile furate de acest bastard nenorocit. El \u00eei \u00eenjura \u00een prim\u0103rie \u0219i dup\u0103 aceea \u00eei \u00eempingea cu for\u021ba pe sc\u0103ri \u0219i c\u0103deau cu capetele de ciment. Am asistat \u0219i noi la o \u00eent\u00e2mplare din asta. Era o tanti mai \u00een v\u00e2rst\u0103 pe care a \u00eempins-o pe sc\u0103ri \u0219i s-a lovit cu capul de ciment. C\u00e2nd l-am \u00eentrebat: \u201ece i-a\u021bi f\u0103cut, a-\u021bi omor\u00e2t-o pe tanti?\u201d, el a \u021bipat tare: \u201ea c\u0103zut pe sc\u0103ri, nu a-\u021bi v\u0103zut, am toat\u0103 prim\u0103ria martor\u0103\u201d. Toate crimele pe care le-a comis acest bastard nenorocit le-a acoperit cu sclavii lui din prim\u0103rie, pe care \u00eei folose\u0219te ca martori mincino\u0219i. Un nenea mai \u00een v\u00e2rst\u0103 din satul Mare\u0219, comuna Albota s-a dus s\u0103-\u0219i ia \u0219i el zah\u0103rul, f\u0103ina etc. ce d\u0103dea Prim\u0103ria. Acum, omul era la coad\u0103, bastardul de primar l-a v\u0103zut \u0219i a \u00eenceput s\u0103-l \u00eenjure \u0219i s\u0103-i zic\u0103: \u201eb\u0103, nu ai reu\u0219it s\u0103 m\u0103 c\u00e2\u0219tigi, tot eu am c\u00e2\u0219tigat procesul, mo\u0219tenirea \u021bi-am v\u00e2ndut-o, \u00eemi bele\u0219ti \u2026.\u201d \u2013 se lua cu m\u00e2na de penis \u0219i \u00eel lovea de tocul u\u0219ii unde se \u021bin \u0219edin\u021bele. Erau femei b\u0103tr\u00e2ne la coad\u0103 la alimente \u00een prim\u0103rie, s-au speriat \u0219i au ie\u0219it afar\u0103 din prim\u0103rie.<\/p>\n<figure id=\"attachment_6182\" aria-describedby=\"caption-attachment-6182\" style=\"width: 400px\" class=\"wp-caption aligncenter\"><a href=\"http:\/\/www.editiespecialapress.ro\/wp\/wp-content\/uploads\/2019\/06\/Prim\u0103ria-Albota-plin\u0103-de-s\u00e2ngele-victimelor.jpg\"><img loading=\"lazy\" decoding=\"async\" class=\"size-medium wp-image-6182\" src=\"http:\/\/www.editiespecialapress.ro\/wp\/wp-content\/uploads\/2019\/06\/Prim\u0103ria-Albota-plin\u0103-de-s\u00e2ngele-victimelor-400x180.jpg\" alt=\"\" width=\"400\" height=\"180\" \/><\/a><figcaption id=\"caption-attachment-6182\" class=\"wp-caption-text\">Prim\u0103ria Albota, plin\u0103 de s\u00e2ngele victimelor<\/figcaption><\/figure>\n<p>Acel nene \u00een v\u00e2rst\u0103 a decedat imediat \u00een acea noapte suferind \u0219i de boli cardiace. C\u00e2\u021bi b\u0103tr\u00e2ni a omor\u00e2t acest bastard prin a-i amenin\u021ba, \u00eenjura \u0219i refuza dreptul de a le da mo\u0219tenirile p\u0103rin\u021bilor. Acest blestemat bastard va sf\u00e2r\u0219i \u00een ANP, va fi incinerat ca boschetarii, nu-l va mai c\u0103uta nimeni nici din familie \u0219i nici din neam. O s\u0103 r\u0103m\u00e2n\u0103 cavoul de el \u0219i zecile de miliarde de euro.<\/p>\n<p style=\"text-align: right;\">Articol de Cristi Predescu<\/p>\n","protected":false},"excerpt":{"rendered":"<p>Nepo\u021bii primarului Ion Dumitru: Alex Dumitru, Robert Dumitru \u0219i Aihan Dumitru, asasini f\u0103r\u0103 scrupule Dragii no\u0219tri cititori, continu\u0103m \u00een aceast\u0103 edi\u021bie cu cei mai nenoroci\u021bi asasini din Comuna Albota, jud. Arge\u0219: Robert Dumitru, Alex Dumitru \u0219i Aihan Dumitru. Primarul Comunei Albota, Ion Dumitru a instigat \u0219i \u00eenv\u0103\u021bat pe nepo\u021bii lui, Robert, Alex \u0219i Aihan s\u0103 [&hellip;]<\/p>\n","protected":false},"author":2,"featured_media":6181,"comment_status":"closed","ping_status":"open","sticky":false,"template":"","format":"standard","meta":{"footnotes":""},"categories":[2],"tags":[945,946,9,682,320,947],"class_list":{"0":"post-6177","1":"post","2":"type-post","3":"status-publish","4":"format-standard","5":"has-post-thumbnail","7":"category-ancheta","8":"tag-aihan-dumitru","9":"tag-alex-dumitru","10":"tag-ion-dumitru","11":"tag-iulian-ratea","12":"tag-primaria-albota","13":"tag-robert-dumitru"},"_links":{"self":[{"href":"https:\/\/www.editiespecialapress.ro\/newtest\/wp-json\/wp\/v2\/posts\/6177","targetHints":{"allow":["GET"]}}],"collection":[{"href":"https:\/\/www.editiespecialapress.ro\/newtest\/wp-json\/wp\/v2\/posts"}],"about":[{"href":"https:\/\/www.editiespecialapress.ro\/newtest\/wp-json\/wp\/v2\/types\/post"}],"author":[{"embeddable":true,"href":"https:\/\/www.editiespecialapress.ro\/newtest\/wp-json\/wp\/v2\/users\/2"}],"replies":[{"embeddable":true,"href":"https:\/\/www.editiespecialapress.ro\/newtest\/wp-json\/wp\/v2\/comments?post=6177"}],"version-history":[{"count":0,"href":"https:\/\/www.editiespecialapress.ro\/newtest\/wp-json\/wp\/v2\/posts\/6177\/revisions"}],"wp:featuredmedia":[{"embeddable":true,"href":"https:\/\/www.editiespecialapress.ro\/newtest\/wp-json\/"}],"wp:attachment":[{"href":"https:\/\/www.editiespecialapress.ro\/newtest\/wp-json\/wp\/v2\/media?parent=6177"}],"wp:term":[{"taxonomy":"category","embeddable":true,"href":"https:\/\/www.editiespecialapress.ro\/newtest\/wp-json\/wp\/v2\/categories?post=6177"},{"taxonomy":"post_tag","embeddable":true,"href":"https:\/\/www.editiespecialapress.ro\/newtest\/wp-json\/wp\/v2\/tags?post=6177"}],"curies":[{"name":"wp","href":"https:\/\/api.w.org\/{rel}","templated":true}]}}