{"id":6341,"date":"2019-09-05T21:50:06","date_gmt":"2019-09-05T18:50:06","guid":{"rendered":"http:\/\/www.editiespecialapress.ro\/?p=6341"},"modified":"2019-09-05T21:50:06","modified_gmt":"2019-09-05T18:50:06","slug":"la-multi-ani-de-sfanta-maria-primaria-barla","status":"publish","type":"post","link":"https:\/\/www.editiespecialapress.ro\/newtest\/2019\/09\/05\/la-multi-ani-de-sfanta-maria-primaria-barla\/","title":{"rendered":"La Mul\u021bi Ani de Sf\u00e2nta Maria! &#8211; Prim\u0103ria B\u00e2rla"},"content":{"rendered":"<p>Cu ocazia s\u0103rb\u0103torii zilei de nume, v\u0103 dorim mult\u0103 s\u0103n\u0103tate, fericire \u015fi tot binele din lume. S\u0103 ave\u021bi parte numai de zile senine \u015fi \u00eensorite. O zi c\u00e2t mai frumoas\u0103 \u0219i s\u0103 v\u0103 bucura\u021bi de numele pe care \u00eel purta\u021bi. S\u0103 fi\u021bi mereu ferici\u021bi, iubi\u021bi si bucuro\u0219i. Fecioara Maria s\u0103 v\u0103 c\u0103l\u0103uzeasc\u0103 mereu \u015fi s\u0103 v\u0103 ajute s\u0103 \u00eenvinge\u021bi orice obstacol din via\u0163a voastr\u0103! Este o zi c\u00e2nd sufletul \u00eenvinge orice urm\u0103 de triste\u021be, c\u00e2nd tot ce a fost greu vi se pare u\u0219or. La mul\u021bi ani de Sfanta Maria!<\/p>\n<p style=\"text-align: right;\"><strong> Prim\u0103ria B\u00e2rla (AG), <\/strong><\/p>\n<p style=\"text-align: right;\"><strong> Primar Voicu Gheorghe \u00eempreun\u0103 cu angaja\u021bii prim\u0103riei \u0219i Consiliul Local<\/strong><\/p>\n","protected":false},"excerpt":{"rendered":"<p>Cu ocazia s\u0103rb\u0103torii zilei de nume, v\u0103 dorim mult\u0103 s\u0103n\u0103tate, fericire \u015fi tot binele din lume. S\u0103 ave\u021bi parte numai de zile senine \u015fi \u00eensorite. O zi c\u00e2t mai frumoas\u0103 \u0219i s\u0103 v\u0103 bucura\u021bi de numele pe care \u00eel purta\u021bi. S\u0103 fi\u021bi mereu ferici\u021bi, iubi\u021bi si bucuro\u0219i. Fecioara Maria s\u0103 v\u0103 c\u0103l\u0103uzeasc\u0103 mereu \u015fi s\u0103 [&hellip;]<\/p>\n","protected":false},"author":2,"featured_media":6298,"comment_status":"closed","ping_status":"open","sticky":false,"template":"","format":"standard","meta":{"footnotes":""},"categories":[4],"tags":[],"class_list":{"0":"post-6341","1":"post","2":"type-post","3":"status-publish","4":"format-standard","5":"has-post-thumbnail","7":"category-felicitari"},"_links":{"self":[{"href":"https:\/\/www.editiespecialapress.ro\/newtest\/wp-json\/wp\/v2\/posts\/6341","targetHints":{"allow":["GET"]}}],"collection":[{"href":"https:\/\/www.editiespecialapress.ro\/newtest\/wp-json\/wp\/v2\/posts"}],"about":[{"href":"https:\/\/www.editiespecialapress.ro\/newtest\/wp-json\/wp\/v2\/types\/post"}],"author":[{"embeddable":true,"href":"https:\/\/www.editiespecialapress.ro\/newtest\/wp-json\/wp\/v2\/users\/2"}],"replies":[{"embeddable":true,"href":"https:\/\/www.editiespecialapress.ro\/newtest\/wp-json\/wp\/v2\/comments?post=6341"}],"version-history":[{"count":0,"href":"https:\/\/www.editiespecialapress.ro\/newtest\/wp-json\/wp\/v2\/posts\/6341\/revisions"}],"wp:featuredmedia":[{"embeddable":true,"href":"https:\/\/www.editiespecialapress.ro\/newtest\/wp-json\/"}],"wp:attachment":[{"href":"https:\/\/www.editiespecialapress.ro\/newtest\/wp-json\/wp\/v2\/media?parent=6341"}],"wp:term":[{"taxonomy":"category","embeddable":true,"href":"https:\/\/www.editiespecialapress.ro\/newtest\/wp-json\/wp\/v2\/categories?post=6341"},{"taxonomy":"post_tag","embeddable":true,"href":"https:\/\/www.editiespecialapress.ro\/newtest\/wp-json\/wp\/v2\/tags?post=6341"}],"curies":[{"name":"wp","href":"https:\/\/api.w.org\/{rel}","templated":true}]}}