{"id":6343,"date":"2019-09-05T21:51:52","date_gmt":"2019-09-05T18:51:52","guid":{"rendered":"http:\/\/www.editiespecialapress.ro\/?p=6343"},"modified":"2019-09-05T21:51:52","modified_gmt":"2019-09-05T18:51:52","slug":"la-multi-ani-de-sfanta-maria-primaria-teiu-2","status":"publish","type":"post","link":"https:\/\/www.editiespecialapress.ro\/newtest\/2019\/09\/05\/la-multi-ani-de-sfanta-maria-primaria-teiu-2\/","title":{"rendered":"La Mul\u021bi Ani de Sf\u00e2nta Maria! &#8211; Prim\u0103ria Teiu"},"content":{"rendered":"<p>\u00centocmai ca Fecioara Maria, al c\u0103rei nume \u00eel purta\u021bi, \u00eenva\u0163a\u021bi s\u0103 ierta\u021bi, s\u0103 fi\u021bi mai buni, mai \u00een\u0163elep\u021bi \u015fi s\u0103 \u00eenv\u0103\u021ba\u021bi al\u021bi oameni s\u0103 fie, la r\u00e2ndul lor, oameni mai buni. Fie ca Sf\u00e2nta Fecioar\u0103 Maria, s\u0103 v\u0103 ocroteasc\u0103, s\u0103 v\u0103 c\u0103l\u0103uzeasc\u0103 pa\u0219ii \u0219i s\u0103 v\u0103 lumineze calea. De ziua numelui vostru, v\u0103 dorim tot binele din lume, noroc, fericire si sanatate. S\u0103 vi se \u00eendeplineasc\u0103 toate dorin\u021bele pe care o s\u0103 vi le pune\u021bi. De Sf\u00e2nta Maria, zi sf\u00e2nt\u0103, sa se r\u0103sfr\u00e2ng\u0103 asupra voastr\u0103 toat\u0103 bun\u0103tatea \u0219i dragostea izvor\u00e2te dintr-o inima mare. La multi ani!<\/p>\n<p style=\"text-align: right;\"><strong> Prim\u0103ria Teiu (AG), <\/strong><\/p>\n<p style=\"text-align: right;\"><strong> Primar Dumitru Florin \u00eempreun\u0103 cu angaja\u021bii prim\u0103riei \u0219i Consiliul Loca<\/strong><\/p>\n","protected":false},"excerpt":{"rendered":"<p>\u00centocmai ca Fecioara Maria, al c\u0103rei nume \u00eel purta\u021bi, \u00eenva\u0163a\u021bi s\u0103 ierta\u021bi, s\u0103 fi\u021bi mai buni, mai \u00een\u0163elep\u021bi \u015fi s\u0103 \u00eenv\u0103\u021ba\u021bi al\u021bi oameni s\u0103 fie, la r\u00e2ndul lor, oameni mai buni. Fie ca Sf\u00e2nta Fecioar\u0103 Maria, s\u0103 v\u0103 ocroteasc\u0103, s\u0103 v\u0103 c\u0103l\u0103uzeasc\u0103 pa\u0219ii \u0219i s\u0103 v\u0103 lumineze calea. De ziua numelui vostru, v\u0103 dorim tot [&hellip;]<\/p>\n","protected":false},"author":2,"featured_media":6300,"comment_status":"closed","ping_status":"open","sticky":false,"template":"","format":"standard","meta":{"footnotes":""},"categories":[4],"tags":[],"class_list":{"0":"post-6343","1":"post","2":"type-post","3":"status-publish","4":"format-standard","5":"has-post-thumbnail","7":"category-felicitari"},"_links":{"self":[{"href":"https:\/\/www.editiespecialapress.ro\/newtest\/wp-json\/wp\/v2\/posts\/6343","targetHints":{"allow":["GET"]}}],"collection":[{"href":"https:\/\/www.editiespecialapress.ro\/newtest\/wp-json\/wp\/v2\/posts"}],"about":[{"href":"https:\/\/www.editiespecialapress.ro\/newtest\/wp-json\/wp\/v2\/types\/post"}],"author":[{"embeddable":true,"href":"https:\/\/www.editiespecialapress.ro\/newtest\/wp-json\/wp\/v2\/users\/2"}],"replies":[{"embeddable":true,"href":"https:\/\/www.editiespecialapress.ro\/newtest\/wp-json\/wp\/v2\/comments?post=6343"}],"version-history":[{"count":0,"href":"https:\/\/www.editiespecialapress.ro\/newtest\/wp-json\/wp\/v2\/posts\/6343\/revisions"}],"wp:featuredmedia":[{"embeddable":true,"href":"https:\/\/www.editiespecialapress.ro\/newtest\/wp-json\/"}],"wp:attachment":[{"href":"https:\/\/www.editiespecialapress.ro\/newtest\/wp-json\/wp\/v2\/media?parent=6343"}],"wp:term":[{"taxonomy":"category","embeddable":true,"href":"https:\/\/www.editiespecialapress.ro\/newtest\/wp-json\/wp\/v2\/categories?post=6343"},{"taxonomy":"post_tag","embeddable":true,"href":"https:\/\/www.editiespecialapress.ro\/newtest\/wp-json\/wp\/v2\/tags?post=6343"}],"curies":[{"name":"wp","href":"https:\/\/api.w.org\/{rel}","templated":true}]}}