{"id":6345,"date":"2019-09-05T21:53:07","date_gmt":"2019-09-05T18:53:07","guid":{"rendered":"http:\/\/www.editiespecialapress.ro\/?p=6345"},"modified":"2019-09-05T21:53:07","modified_gmt":"2019-09-05T18:53:07","slug":"la-multi-ani-de-sfanta-maria-primaria-rociu-4","status":"publish","type":"post","link":"https:\/\/www.editiespecialapress.ro\/newtest\/2019\/09\/05\/la-multi-ani-de-sfanta-maria-primaria-rociu-4\/","title":{"rendered":"La Mul\u021bi Ani de Sf\u00e2nta Maria! &#8211; Prim\u0103ria Rociu"},"content":{"rendered":"<p>De Sf\u00e2nta Maria o zi c\u00e2nd sufletul \u00eenvinge orice urm\u0103 de triste\u021be, c\u00e2nd tot ce a fost greu vi se pare u\u0219or v\u0103 dorim ca toate \u00eent\u00e2mpl\u0103rile frumoase si spiritul acestei zile s\u0103 v\u0103 \u00eenso\u021beasc\u0103 pretutindeni. Este ziua numelui vostru! S\u0103 ave\u021bi o zi de Sf\u00e2nta Maria c\u00e2t mai frumoas\u0103 \u0219i fericit\u0103 al\u0103turi de cei dragi \u0219i de cei pe care \u00eei iubi\u021bi! La multi ani!<\/p>\n<p style=\"text-align: right;\"><strong> Prim\u0103ria Rociu (AG), <\/strong><\/p>\n<p style=\"text-align: right;\"><strong> Primar B\u0103l\u0103\u0219oiu Aurel \u00eempreun\u0103 cu angaja\u021bii prim\u0103riei \u0219i Consiliul Local<\/strong><\/p>\n","protected":false},"excerpt":{"rendered":"<p>De Sf\u00e2nta Maria o zi c\u00e2nd sufletul \u00eenvinge orice urm\u0103 de triste\u021be, c\u00e2nd tot ce a fost greu vi se pare u\u0219or v\u0103 dorim ca toate \u00eent\u00e2mpl\u0103rile frumoase si spiritul acestei zile s\u0103 v\u0103 \u00eenso\u021beasc\u0103 pretutindeni. Este ziua numelui vostru! S\u0103 ave\u021bi o zi de Sf\u00e2nta Maria c\u00e2t mai frumoas\u0103 \u0219i fericit\u0103 al\u0103turi de cei [&hellip;]<\/p>\n","protected":false},"author":2,"featured_media":6316,"comment_status":"closed","ping_status":"open","sticky":false,"template":"","format":"standard","meta":{"footnotes":""},"categories":[4],"tags":[],"class_list":{"0":"post-6345","1":"post","2":"type-post","3":"status-publish","4":"format-standard","5":"has-post-thumbnail","7":"category-felicitari"},"_links":{"self":[{"href":"https:\/\/www.editiespecialapress.ro\/newtest\/wp-json\/wp\/v2\/posts\/6345","targetHints":{"allow":["GET"]}}],"collection":[{"href":"https:\/\/www.editiespecialapress.ro\/newtest\/wp-json\/wp\/v2\/posts"}],"about":[{"href":"https:\/\/www.editiespecialapress.ro\/newtest\/wp-json\/wp\/v2\/types\/post"}],"author":[{"embeddable":true,"href":"https:\/\/www.editiespecialapress.ro\/newtest\/wp-json\/wp\/v2\/users\/2"}],"replies":[{"embeddable":true,"href":"https:\/\/www.editiespecialapress.ro\/newtest\/wp-json\/wp\/v2\/comments?post=6345"}],"version-history":[{"count":0,"href":"https:\/\/www.editiespecialapress.ro\/newtest\/wp-json\/wp\/v2\/posts\/6345\/revisions"}],"wp:featuredmedia":[{"embeddable":true,"href":"https:\/\/www.editiespecialapress.ro\/newtest\/wp-json\/"}],"wp:attachment":[{"href":"https:\/\/www.editiespecialapress.ro\/newtest\/wp-json\/wp\/v2\/media?parent=6345"}],"wp:term":[{"taxonomy":"category","embeddable":true,"href":"https:\/\/www.editiespecialapress.ro\/newtest\/wp-json\/wp\/v2\/categories?post=6345"},{"taxonomy":"post_tag","embeddable":true,"href":"https:\/\/www.editiespecialapress.ro\/newtest\/wp-json\/wp\/v2\/tags?post=6345"}],"curies":[{"name":"wp","href":"https:\/\/api.w.org\/{rel}","templated":true}]}}