{"id":6347,"date":"2019-09-05T21:54:51","date_gmt":"2019-09-05T18:54:51","guid":{"rendered":"http:\/\/www.editiespecialapress.ro\/?p=6347"},"modified":"2019-09-05T21:54:51","modified_gmt":"2019-09-05T18:54:51","slug":"la-multi-ani-de-sfanta-maria-primaria-poiana-lacului-5","status":"publish","type":"post","link":"https:\/\/www.editiespecialapress.ro\/newtest\/2019\/09\/05\/la-multi-ani-de-sfanta-maria-primaria-poiana-lacului-5\/","title":{"rendered":"La Mul\u021bi Ani de Sf\u00e2nta Maria! &#8211; Prim\u0103ria Poiana Lacului"},"content":{"rendered":"<p>La mul\u021bi ani \u0219i mult noroc \u00een aceast\u0103 zi special\u0103. V\u0103 dorim s\u0103 vi se \u00eendeplineasc\u0103 toate dorin\u021bele. S\u0103n\u0103tate \u0219i numai bucurii cu ocazia zilei de nume, o zi a numelui la fel de luminoas\u0103 precum aripile unui fluture, la fel de fericit\u0103 precum c\u00e2ntecul privighetorii \u015fi la fel de frumoas\u0103 precum o gr\u0103din\u0103 plin\u0103 cu flori, o zi c\u00e2nd sufletul vostru trebuie s\u0103 \u00eenving\u0103 orice urm\u0103 de triste\u0163e \u015fi s\u0103 fie deschis pentru a primi cele mai frumoase momente. La mul\u021bi ani!<\/p>\n<p style=\"text-align: right;\"><strong> Prim\u0103ria Poiana Lacului (AG), <\/strong><\/p>\n<p style=\"text-align: right;\"><strong> Primar Dumitrache Ion \u00eempreun\u0103 cu angaja\u021bii prim\u0103riei \u0219i Consiliul Local<\/strong><\/p>\n","protected":false},"excerpt":{"rendered":"<p>La mul\u021bi ani \u0219i mult noroc \u00een aceast\u0103 zi special\u0103. V\u0103 dorim s\u0103 vi se \u00eendeplineasc\u0103 toate dorin\u021bele. S\u0103n\u0103tate \u0219i numai bucurii cu ocazia zilei de nume, o zi a numelui la fel de luminoas\u0103 precum aripile unui fluture, la fel de fericit\u0103 precum c\u00e2ntecul privighetorii \u015fi la fel de frumoas\u0103 precum o gr\u0103din\u0103 plin\u0103 [&hellip;]<\/p>\n","protected":false},"author":2,"featured_media":6315,"comment_status":"closed","ping_status":"open","sticky":false,"template":"","format":"standard","meta":{"footnotes":""},"categories":[4],"tags":[],"class_list":{"0":"post-6347","1":"post","2":"type-post","3":"status-publish","4":"format-standard","5":"has-post-thumbnail","7":"category-felicitari"},"_links":{"self":[{"href":"https:\/\/www.editiespecialapress.ro\/newtest\/wp-json\/wp\/v2\/posts\/6347","targetHints":{"allow":["GET"]}}],"collection":[{"href":"https:\/\/www.editiespecialapress.ro\/newtest\/wp-json\/wp\/v2\/posts"}],"about":[{"href":"https:\/\/www.editiespecialapress.ro\/newtest\/wp-json\/wp\/v2\/types\/post"}],"author":[{"embeddable":true,"href":"https:\/\/www.editiespecialapress.ro\/newtest\/wp-json\/wp\/v2\/users\/2"}],"replies":[{"embeddable":true,"href":"https:\/\/www.editiespecialapress.ro\/newtest\/wp-json\/wp\/v2\/comments?post=6347"}],"version-history":[{"count":0,"href":"https:\/\/www.editiespecialapress.ro\/newtest\/wp-json\/wp\/v2\/posts\/6347\/revisions"}],"wp:featuredmedia":[{"embeddable":true,"href":"https:\/\/www.editiespecialapress.ro\/newtest\/wp-json\/"}],"wp:attachment":[{"href":"https:\/\/www.editiespecialapress.ro\/newtest\/wp-json\/wp\/v2\/media?parent=6347"}],"wp:term":[{"taxonomy":"category","embeddable":true,"href":"https:\/\/www.editiespecialapress.ro\/newtest\/wp-json\/wp\/v2\/categories?post=6347"},{"taxonomy":"post_tag","embeddable":true,"href":"https:\/\/www.editiespecialapress.ro\/newtest\/wp-json\/wp\/v2\/tags?post=6347"}],"curies":[{"name":"wp","href":"https:\/\/api.w.org\/{rel}","templated":true}]}}