{"id":6349,"date":"2019-09-05T21:56:13","date_gmt":"2019-09-05T18:56:13","guid":{"rendered":"http:\/\/www.editiespecialapress.ro\/?p=6349"},"modified":"2019-09-05T21:56:13","modified_gmt":"2019-09-05T18:56:13","slug":"la-multi-ani-de-sfanta-maria-primaria-poiana-cosesti","status":"publish","type":"post","link":"https:\/\/www.editiespecialapress.ro\/newtest\/2019\/09\/05\/la-multi-ani-de-sfanta-maria-primaria-poiana-cosesti\/","title":{"rendered":"La Mul\u021bi Ani de Sf\u00e2nta Maria! &#8211; Prim\u0103ria Co\u0219e\u0219ti"},"content":{"rendered":"<p>Ast\u0103zi este ziua numelui vostru, un nume simplu \u0219i frumos, la fel de pur \u0219i ginga\u0219 ca voi. V\u0103 dorim numai bine \u0219i s\u0103 ave\u021bi parte de toat\u0103 fericirea din lume. Fie ca Sf\u00e2nta Fecioar\u0103 Maria, s\u0103 v\u0103 ocroteasc\u0103, s\u0103 v\u0103 c\u0103l\u0103uzeasc\u0103 pa\u0219ii \u0219i s\u0103 v\u0103 lumineze calea. S\u0103 aveti parte de tot ce \u00eei mai drag \u0219i mai frumos \u00een lume, s\u0103 va bucura\u021bi de fiecare zi plini de energie \u0219i s\u0103n\u0103to\u0219i! La mul\u021bi ani!<\/p>\n<p style=\"text-align: right;\"><strong> Prim\u0103ria Co\u0219e\u0219ti (AG), <\/strong><\/p>\n<p style=\"text-align: right;\"><strong> Primar Pan\u0103 Nicolae \u00eempreun\u0103 cu angaja\u021bii prim\u0103riei \u0219i Consiliul Local<\/strong><\/p>\n","protected":false},"excerpt":{"rendered":"<p>Ast\u0103zi este ziua numelui vostru, un nume simplu \u0219i frumos, la fel de pur \u0219i ginga\u0219 ca voi. V\u0103 dorim numai bine \u0219i s\u0103 ave\u021bi parte de toat\u0103 fericirea din lume. Fie ca Sf\u00e2nta Fecioar\u0103 Maria, s\u0103 v\u0103 ocroteasc\u0103, s\u0103 v\u0103 c\u0103l\u0103uzeasc\u0103 pa\u0219ii \u0219i s\u0103 v\u0103 lumineze calea. S\u0103 aveti parte de tot ce \u00eei [&hellip;]<\/p>\n","protected":false},"author":2,"featured_media":6314,"comment_status":"closed","ping_status":"open","sticky":false,"template":"","format":"standard","meta":{"footnotes":""},"categories":[4],"tags":[],"class_list":{"0":"post-6349","1":"post","2":"type-post","3":"status-publish","4":"format-standard","5":"has-post-thumbnail","7":"category-felicitari"},"_links":{"self":[{"href":"https:\/\/www.editiespecialapress.ro\/newtest\/wp-json\/wp\/v2\/posts\/6349","targetHints":{"allow":["GET"]}}],"collection":[{"href":"https:\/\/www.editiespecialapress.ro\/newtest\/wp-json\/wp\/v2\/posts"}],"about":[{"href":"https:\/\/www.editiespecialapress.ro\/newtest\/wp-json\/wp\/v2\/types\/post"}],"author":[{"embeddable":true,"href":"https:\/\/www.editiespecialapress.ro\/newtest\/wp-json\/wp\/v2\/users\/2"}],"replies":[{"embeddable":true,"href":"https:\/\/www.editiespecialapress.ro\/newtest\/wp-json\/wp\/v2\/comments?post=6349"}],"version-history":[{"count":0,"href":"https:\/\/www.editiespecialapress.ro\/newtest\/wp-json\/wp\/v2\/posts\/6349\/revisions"}],"wp:featuredmedia":[{"embeddable":true,"href":"https:\/\/www.editiespecialapress.ro\/newtest\/wp-json\/"}],"wp:attachment":[{"href":"https:\/\/www.editiespecialapress.ro\/newtest\/wp-json\/wp\/v2\/media?parent=6349"}],"wp:term":[{"taxonomy":"category","embeddable":true,"href":"https:\/\/www.editiespecialapress.ro\/newtest\/wp-json\/wp\/v2\/categories?post=6349"},{"taxonomy":"post_tag","embeddable":true,"href":"https:\/\/www.editiespecialapress.ro\/newtest\/wp-json\/wp\/v2\/tags?post=6349"}],"curies":[{"name":"wp","href":"https:\/\/api.w.org\/{rel}","templated":true}]}}