{"id":6692,"date":"2020-05-13T10:22:53","date_gmt":"2020-05-13T07:22:53","guid":{"rendered":"http:\/\/www.editiespecialapress.ro\/?p=6692"},"modified":"2020-05-13T10:22:53","modified_gmt":"2020-05-13T07:22:53","slug":"generalul-george-paltineanu-colonel-stanciulescu-cristian-si-colonelul-tiberiu-silviu-dumitrache-toti-din-cadrul-mai-serviciul-doi-si-un-sfert-au-efectuat-si-efectueaza-monitorizari-abuzive-impot","status":"publish","type":"post","link":"https:\/\/www.editiespecialapress.ro\/newtest\/2020\/05\/13\/generalul-george-paltineanu-colonel-stanciulescu-cristian-si-colonelul-tiberiu-silviu-dumitrache-toti-din-cadrul-mai-serviciul-doi-si-un-sfert-au-efectuat-si-efectueaza-monitorizari-abuzive-impot\/","title":{"rendered":"Generalul George P\u0103ltineanu, Colonel St\u0103nciulescu Cristian \u015fi Colonelul Tiberiu-Silviu-Dumitrache, to\u0163i din cadrul MAI, serviciul doi \u015fi-un sfert, au efectuat \u015fi efectueaz\u0103 monitoriz\u0103ri abuzive, \u00eempotriva tuturor cet\u0103\u0163enilor Rom\u00e2niei; OUG nr. 76\/2016 abuziv\u0103, neconstitu\u0163ional\u0103, \u00eei \u0163ine la abuzuri zi de zi"},"content":{"rendered":"<div class=\"adM\">Generalul George P\u0103ltineanu, Colonel Cristian St\u0103nciulescu \u015fi Colonelul Tiberiu-Silviu-Dumitrache, au efectuat \u015fi efectueaz\u0103 monitoriz\u0103ri de supraveghere video-audio \u00een mod abuziv, \u00eempotriva tututror cet\u0103\u0163enilor Rom\u00e2niei, OUG nr. 76\/2016 abuziv\u0103 \u015fi neconstitu\u0163ional\u0103 \u00ee\u015fi face efectul<\/div>\n<div><\/div>\n<div>Dragii no\u015ftri cititori, continu\u0103m \u00een aceast\u0103 edi\u0163ie, cu 3 ofi\u0163erii din cadrul serviciului secret al MAI, doi \u015fi-un sfert, care \u015fi-au exercitat \u015fi \u00ee\u015fi exercit\u0103 atribu\u0163iile de serviciu \u00een mod abuziv, conform OUG nr. 76\/2016\u00a0 care este neconstitu\u0163ional\u0103 \u015fi abuziv\u0103.<\/div>\n<div><\/div>\n<div>\n<figure id=\"attachment_6693\" aria-describedby=\"caption-attachment-6693\" style=\"width: 299px\" class=\"wp-caption aligncenter\"><a href=\"http:\/\/www.editiespecialapress.ro\/wp\/wp-content\/uploads\/2020\/05\/desc\u0103rcare.jpg\"><img loading=\"lazy\" decoding=\"async\" class=\"size-full wp-image-6693\" src=\"http:\/\/www.editiespecialapress.ro\/wp\/wp-content\/uploads\/2020\/05\/desc\u0103rcare.jpg\" alt=\"\" width=\"299\" height=\"168\" \/><\/a><figcaption id=\"caption-attachment-6693\" class=\"wp-caption-text\">Ciolo\u015f un mare nenorocit, dar \u015fi un mare abuziv, corupt nu se mai pune problema<\/figcaption><\/figure>\n<\/div>\n<div class=\"gmail_quote\">\n<div dir=\"ltr\">\n<div><\/div>\n<div>Acest serviciu secret al MAI, numit de Guvernul Ciolo\u015f; Direc\u0163ia General\u0103 de Protec\u0163ie Intern\u0103, fostul doi \u015fi-un sfert care ac\u0163iona \u00een Comunism \u00eempotriva tuturor cet\u0103\u0163enilor rom\u00e2niei, \u00eenfiin\u0163at de tovar\u0103\u015ful Nicolae Ceau\u015fescu comunistul comuni\u015ftilor. Acest serviciu chipurile secret al MAI, a fost \u00eenfiin\u0163at de tovar\u0103\u015ful Nicolae Ceau\u015fescu, sus\u0163inut de PSD tot timpul, \u00eentruc\u00e2t le dau tot timpul informa\u0163ii despre adversarii lor politici, mai dau informa\u0163ii despre ofi\u0163eri SRI incomozi \u015fa.md. Acest serviciu este \u00eenfiin\u0163at prin OUG nr. 76\/2016 abuziv neconstitu\u0163ional, \u00eentruc\u00e2t nu au o facultate ofi\u0163erii de mili\u0163ie, \u00een domeniul Securit\u0103\u0163ii Na\u0163ionale, o preg\u0103tire profesional\u0103 \u00een domeniul Securit\u0103\u0163ii Na\u0163ionale precum SRI, pentru a putea \u00eenv\u0103\u0163a tot ceea ce \u00eenseamn\u0103 spionaj-contraspionaj, culegerea de informa\u0163ii etc. Ei au fost \u00eenfiin\u0163a\u0163i de tovar\u0103\u015ful Nicolae Ceau\u015fescu, pentru a urm\u0103ri pe to\u0163i cet\u0103\u0163enii Rom\u00e2niei, de ai intercepta \u00een mod abuziv tot timpul, de a face dosare la comand\u0103 oricui \u015fi oric\u00e2nd, de a da informa\u0163ii politrucilor comuni\u015fti ca PSD \u015fi de a fura cel mai mare buget an de an. Nenoroci\u0163ii au buget mare, sunt pl\u0103ti\u0163i bine, fac trafic de informa\u0163ii non-stop la PSD-i\u015fti \u015fi la colaboratorii lor din pres\u0103, execut\u0103 dosare la comand\u0103 la comanda clien\u0163ilor PSD. Au averi foarte mari le merge foarte bine, nimeni nu-i deranjeaz\u0103 ei lucreaz\u0103 f\u0103r\u0103 a avea vreun drept constitu\u0163ional.<\/div>\n<\/div>\n<div>\n<figure id=\"attachment_6695\" aria-describedby=\"caption-attachment-6695\" style=\"width: 289px\" class=\"wp-caption aligncenter\"><a href=\"http:\/\/www.editiespecialapress.ro\/wp\/wp-content\/uploads\/2020\/05\/George-P\u0103ltineanu-a-f\u0103cut-din-mili\u021bieni-vr\u0103jitori-spiriti\u0219ti.jpg\"><img loading=\"lazy\" decoding=\"async\" class=\"size-full wp-image-6695\" src=\"http:\/\/www.editiespecialapress.ro\/wp\/wp-content\/uploads\/2020\/05\/George-P\u0103ltineanu-a-f\u0103cut-din-mili\u021bieni-vr\u0103jitori-spiriti\u0219ti.jpg\" alt=\"\" width=\"289\" height=\"200\" \/><\/a><figcaption id=\"caption-attachment-6695\" class=\"wp-caption-text\">Generalul P\u0103ltineanu George un nenorocit abuziv<\/figcaption><\/figure>\n<\/div>\n<\/div>\n<div><\/div>\n<div class=\"gmail_quote\">\n<div dir=\"ltr\">\n<div>Grav este, c\u0103 ei culeg informa\u0163ii numai din intercept\u0103rile abuzive non-stop \u00eentruc\u00e2t la at\u00e2t se pricep. Au colaboratori numai romi \u015fi derbedei neinstrui\u0163i. Cine s\u0103-i instruiasc\u0103 dac\u0103 ei nu au nici o preg\u0103tire profesional\u0103 \u00een domeniul Securit\u0103\u0163ii Na\u0163ionale sau \u00een domeniul spionajului-contraspionajului, culegerea de informa\u0163ii etc. Stau suprapu\u015fi pe SRI \u015fi DGIA, totul ilegal \u015fi neconstitu\u0163ional, culeg informa\u0163ii din convorbirile telefonice ale tuturor cet\u0103\u0163enilor Rom\u00e2niei, se fac c\u0103 ei ajut\u0103 toate institu\u0163iile, dar \u00een schimb fac trafic de informa\u0163ii la PSD-i\u015fti etc. Nu mai punem c\u0103 anun\u0163\u0103 infractorii PSD c\u00e2nd se formeaz\u0103 dosare penale, stric\u0103 flagranturile la organele de cercetare penal\u0103 etc. Ace\u015fti ofi\u0163eri nenoroci\u0163i, stau tot timpul la aparatur\u0103 \u015fi monitorizeaz\u0103 toate camerele de supraveghere din casele cet\u0103\u0163enilor, de la spa\u0163iile comerciale, de pe domeniul public etc. Mai stau tot timpul c\u0103lare pe aparaturi, la interceptat to\u0163i cet\u0103\u0163enii Rom\u00e2niei, pentru a culege informa\u0163ii despre to\u0163i. Calculatoarele sunt monitorizate non-stop!. Cum porne\u015fti calculatorul hop \u015fi ei \u00een paralel cu tine. La telefoane nu se mai pune problema, tot timpul vede ce fac cet\u0103\u0163enii. A\u015fa culeg ei informa\u0163ii despre to\u0163i cet\u0103\u0163enii Rom\u00e2niei tot timpul, dar se cred foarte \u015fmecheri, c\u0103 ne-ar avea la m\u00e2n\u0103 ar \u015fti totul despre to\u0163i. C\u00e2nd se stocau \u00eenregistr\u0103rile, timp de 6 luni de zile, ei puneau procurori s\u0103 se sesizeze din oficiu \u015fi formau dosare penale cu \u00eenregistr\u0103ri audio, luate din urm\u0103 cu \u015fase luni de zile.<\/div>\n<\/div>\n<div>\n<figure id=\"attachment_6698\" aria-describedby=\"caption-attachment-6698\" style=\"width: 225px\" class=\"wp-caption aligncenter\"><a href=\"http:\/\/www.editiespecialapress.ro\/wp\/wp-content\/uploads\/2020\/05\/St\u0103nciulescu-Cristian-cel-mai-mare-jeg.jpg\"><img loading=\"lazy\" decoding=\"async\" class=\"size-medium wp-image-6698\" src=\"http:\/\/www.editiespecialapress.ro\/wp\/wp-content\/uploads\/2020\/05\/St\u0103nciulescu-Cristian-cel-mai-mare-jeg-225x300.jpg\" alt=\"\" width=\"225\" height=\"300\" \/><\/a><figcaption id=\"caption-attachment-6698\" class=\"wp-caption-text\">Colonelul Cristian St\u0103nciulescu un escroc abuziv<\/figcaption><\/figure>\n<\/div>\n<div dir=\"ltr\">\n<div><\/div>\n<div>Asta f\u0103ceau doar la comanda vreunui PSD-ist care le pl\u0103tea comanda gras de tot. I-am pus la punct \u015fi cu asta, nu se mai stocheaz\u0103 \u00eenregistr\u0103rile audio, mai avem s\u0103-i desfiin\u0163\u0103m cu Avocatul Poporului \u015fi cu CCR. Va sc\u0103pa poporul de nenoroci\u0163ii mili\u0163iei, va r\u0103sufla u\u015for dup\u0103 declararea OUG nr. 76\/2016\u00a0 neconstitu\u0163ional\u0103. CCR trebuie s\u0103 ia m\u0103surile de \u00eendat\u0103, nu s\u0103-i lase pe ace\u015fti infractori f\u0103r\u0103 studii \u00een domeniu Securit\u0103\u0163ii Na\u0163ionale suprapu\u015fi cu SRI-DGIA. SRI are competen\u0163\u0103 pe tot teritoriul Rom\u00e2niei s\u0103 culeag\u0103 informa\u0163ii \u015fi contra informa\u0163ii pentru Securitate Na\u0163ional\u0103. MAI-ul are competen\u0163\u0103 de cercet\u0103ri, nu la cules de informa\u0163ii din convorbirile telefonice sau la \u00eenregistr\u0103ri video dup\u0103 camerele de supraveghere sau informa\u0163ii de la calculatoare.\u00a0Ex premierul Dacian Ciolo\u015f \u015fi el un colaborator al DGPI; \u00een loc s\u0103 desfiin\u0163eze acest serviciu comunist, i-a schimbat doar denumirea pentru a le \u00eentrerupe activitatea abuziv\u0103 cca 6 luni de zile. Ciolo\u015f a eliberat OUG nr. 76\/2016, privind \u00eenfiin\u0163area abuzivilor DGPI care se suprapune cu SRI-DGIA. \u00cen nici un stat democrat pe tot globul p\u0103m\u00e2ntesc, nu exist\u0103 vreun serviciu secret al mili\u0163iei, sau s\u0103 se suprapun\u0103 cu dou\u0103 servicii de informa\u0163ii na\u0163ionale legale constitu\u0163ional. \u00cen ce stat tr\u0103im, Comunist sau Democrat?. R\u0103spundem tot noi; \u00eentr-un stat de rahat. Dac\u0103 statul de rahat \u0163ine ditamai rahatul numit DGPI, ce preten\u0163ii s\u0103 mai avem la ceva bun din partea lor. Ru\u015fine s\u0103 le fie dac\u0103 nici PNL nu desfiin\u0163eaz\u0103 acest serviciu comunist de rahat, sunt \u015fi ei de tot rahatul. Ne g\u00e2ndim, poate poate, se va trezii vreun parlamentar PNL, s\u0103 solicite CCR, desfiin\u0163area acestor mizerii comuniste care fac pr\u0103p\u0103d pe tot teritoriul Rom\u00e2niei. SRI este obstruc\u0163ionat de aceste mizerii comuniste, interceptez\u0103 mizeriile to\u0163i ofi\u0163erii SRI, st\u0103 c\u0103lare pe aparaturile SRI cu aparaturile lor de rahat, s-a creat o nebunie total\u0103.<\/div>\n<\/div>\n<div>\n<figure id=\"attachment_6697\" aria-describedby=\"caption-attachment-6697\" style=\"width: 394px\" class=\"wp-caption aligncenter\"><a href=\"http:\/\/www.editiespecialapress.ro\/wp\/wp-content\/uploads\/2020\/05\/nicolae-ceausescu.jpg\"><img loading=\"lazy\" decoding=\"async\" class=\"size-full wp-image-6697\" src=\"http:\/\/www.editiespecialapress.ro\/wp\/wp-content\/uploads\/2020\/05\/nicolae-ceausescu.jpg\" alt=\"\" width=\"394\" height=\"280\" \/><\/a><figcaption id=\"caption-attachment-6697\" class=\"wp-caption-text\">Tovar\u0103\u015ful Nicolae Ceau\u015fescu, i-a \u00eenfiin\u0163at pe cei mai mari securi\u015fti de mili\u0163ie, nici la aceast\u0103 or\u0103 nu vor s\u0103 fug\u0103 din posturi<\/figcaption><\/figure>\n<\/div>\n<div dir=\"ltr\">\n<div>Poseda\u0163ii de diavoli, monitorizeaz\u0103 cu stele pe timp de noapte to\u0163i cet\u0103\u0163enii Rom\u00e2niei. I-au imagini prin Satelit, au creat stele luminoase din aparatur\u0103, pe care le plimb\u0103 la monitorizat dup\u0103 to\u0163i cet\u0103\u0163enii Rom\u00e2niei. Stocheaz\u0103 tot \u015fi se laud\u0103 de parc\u0103 fac bombe nucleare. Am filmat stelele lor pe care o s\u0103 le punem la ziar la alte articole. Ce dejec\u0163ii sunt ace\u015fti draci care streseaz\u0103 poporul cu monitorizarea abuziv\u0103. Dac\u0103 ar \u015fti poporul sau politicienii PNL dracu iar lua, iar desfiin\u0163a imediat. \u00cei sus\u0163in PSD-i\u015fti pe ace\u015fti mili\u0163eni comuni\u015fti care b\u0103teau poporul, dar \u00eei mai sus\u0163ine \u015fi Antena 3 mizeriile na\u0163iunii Rom\u00e2ne. Cu organele competente, \u00eei vom desfiin\u0163a \u015fi pe ace\u015fti nonoroci\u0163i, securi\u015ftii de mili\u0163iei. Ru\u015fine s\u0103 le fie!<\/div>\n<div><\/div>\n<div style=\"text-align: right;\">Articol de PM<\/div>\n<div><\/div>\n<\/div>\n<\/div>\n","protected":false},"excerpt":{"rendered":"<p>Generalul George P\u0103ltineanu, Colonel Cristian St\u0103nciulescu \u015fi Colonelul Tiberiu-Silviu-Dumitrache, au efectuat \u015fi efectueaz\u0103 monitoriz\u0103ri de supraveghere video-audio \u00een mod abuziv, \u00eempotriva tututror cet\u0103\u0163enilor Rom\u00e2niei, OUG nr. 76\/2016 abuziv\u0103 \u015fi neconstitu\u0163ional\u0103 \u00ee\u015fi face efectul Dragii no\u015ftri cititori, continu\u0103m \u00een aceast\u0103 edi\u0163ie, cu 3 ofi\u0163erii din cadrul serviciului secret al MAI, doi \u015fi-un sfert, care \u015fi-au exercitat [&hellip;]<\/p>\n","protected":false},"author":2,"featured_media":6717,"comment_status":"closed","ping_status":"open","sticky":false,"template":"","format":"standard","meta":{"footnotes":""},"categories":[2],"tags":[1042,229,531,1043,430],"class_list":{"0":"post-6692","1":"post","2":"type-post","3":"status-publish","4":"format-standard","5":"has-post-thumbnail","7":"category-ancheta","8":"tag-colonelul-tiberiu-silviu-dumitrache","9":"tag-dacian-ciolos","10":"tag-george-paltineanu","11":"tag-liviu-luca","12":"tag-stanciulescu-cristian"},"_links":{"self":[{"href":"https:\/\/www.editiespecialapress.ro\/newtest\/wp-json\/wp\/v2\/posts\/6692","targetHints":{"allow":["GET"]}}],"collection":[{"href":"https:\/\/www.editiespecialapress.ro\/newtest\/wp-json\/wp\/v2\/posts"}],"about":[{"href":"https:\/\/www.editiespecialapress.ro\/newtest\/wp-json\/wp\/v2\/types\/post"}],"author":[{"embeddable":true,"href":"https:\/\/www.editiespecialapress.ro\/newtest\/wp-json\/wp\/v2\/users\/2"}],"replies":[{"embeddable":true,"href":"https:\/\/www.editiespecialapress.ro\/newtest\/wp-json\/wp\/v2\/comments?post=6692"}],"version-history":[{"count":0,"href":"https:\/\/www.editiespecialapress.ro\/newtest\/wp-json\/wp\/v2\/posts\/6692\/revisions"}],"wp:featuredmedia":[{"embeddable":true,"href":"https:\/\/www.editiespecialapress.ro\/newtest\/wp-json\/"}],"wp:attachment":[{"href":"https:\/\/www.editiespecialapress.ro\/newtest\/wp-json\/wp\/v2\/media?parent=6692"}],"wp:term":[{"taxonomy":"category","embeddable":true,"href":"https:\/\/www.editiespecialapress.ro\/newtest\/wp-json\/wp\/v2\/categories?post=6692"},{"taxonomy":"post_tag","embeddable":true,"href":"https:\/\/www.editiespecialapress.ro\/newtest\/wp-json\/wp\/v2\/tags?post=6692"}],"curies":[{"name":"wp","href":"https:\/\/api.w.org\/{rel}","templated":true}]}}