{"id":6708,"date":"2020-05-18T18:45:22","date_gmt":"2020-05-18T15:45:22","guid":{"rendered":"http:\/\/www.editiespecialapress.ro\/?p=6708"},"modified":"2020-05-18T18:45:22","modified_gmt":"2020-05-18T15:45:22","slug":"la-multi-ani-de-sfintii-constantin-si-elena-primaria-rociu","status":"publish","type":"post","link":"https:\/\/www.editiespecialapress.ro\/newtest\/2020\/05\/18\/la-multi-ani-de-sfintii-constantin-si-elena-primaria-rociu\/","title":{"rendered":"La mul\u021bi ani de Sfin\u021bii Constantin \u0219i Elena! &#8211; Prim\u0103ria Rociu"},"content":{"rendered":"<p>Ast\u0103zi este ziua numelui vostru, un nume simplu \u0219i frumos, la fel de pur \u0219i ginga\u0219 ca voi. V\u0103 dorim numai bine \u0219i s\u0103 ave\u021bi parte de toat\u0103 fericirea din lume. Fie ca Sfin\u021bii ale c\u0103ror nume le purta\u021bi, s\u0103 v\u0103 ocroteasc\u0103, s\u0103 v\u0103 c\u0103l\u0103uzeasc\u0103 pa\u0219ii \u0219i s\u0103 v\u0103 lumineze calea. S\u0103 ave\u021bi parte de tot ce \u00eei mai drag \u0219i mai frumos \u00een lume, s\u0103 va bucura\u021bi de fiecare zi plini de energie \u0219i s\u0103n\u0103to\u0219i! La mul\u021bi ani!<\/p>\n<p style=\"text-align: right;\"><strong>Prim\u0103ria Rociu (AG),<\/strong><\/p>\n<p style=\"text-align: right;\"><strong>Primar B\u0103l\u0103\u0219oiu Aurel \u00eempreun\u0103 cu angaja\u021bii prim\u0103riei \u0219i Consiliul Local<\/strong><\/p>\n","protected":false},"excerpt":{"rendered":"<p>Ast\u0103zi este ziua numelui vostru, un nume simplu \u0219i frumos, la fel de pur \u0219i ginga\u0219 ca voi. V\u0103 dorim numai bine \u0219i s\u0103 ave\u021bi parte de toat\u0103 fericirea din lume. Fie ca Sfin\u021bii ale c\u0103ror nume le purta\u021bi, s\u0103 v\u0103 ocroteasc\u0103, s\u0103 v\u0103 c\u0103l\u0103uzeasc\u0103 pa\u0219ii \u0219i s\u0103 v\u0103 lumineze calea. S\u0103 ave\u021bi parte de [&hellip;]<\/p>\n","protected":false},"author":2,"featured_media":6705,"comment_status":"closed","ping_status":"open","sticky":false,"template":"","format":"standard","meta":{"footnotes":""},"categories":[4],"tags":[],"class_list":{"0":"post-6708","1":"post","2":"type-post","3":"status-publish","4":"format-standard","5":"has-post-thumbnail","7":"category-felicitari"},"_links":{"self":[{"href":"https:\/\/www.editiespecialapress.ro\/newtest\/wp-json\/wp\/v2\/posts\/6708","targetHints":{"allow":["GET"]}}],"collection":[{"href":"https:\/\/www.editiespecialapress.ro\/newtest\/wp-json\/wp\/v2\/posts"}],"about":[{"href":"https:\/\/www.editiespecialapress.ro\/newtest\/wp-json\/wp\/v2\/types\/post"}],"author":[{"embeddable":true,"href":"https:\/\/www.editiespecialapress.ro\/newtest\/wp-json\/wp\/v2\/users\/2"}],"replies":[{"embeddable":true,"href":"https:\/\/www.editiespecialapress.ro\/newtest\/wp-json\/wp\/v2\/comments?post=6708"}],"version-history":[{"count":0,"href":"https:\/\/www.editiespecialapress.ro\/newtest\/wp-json\/wp\/v2\/posts\/6708\/revisions"}],"wp:featuredmedia":[{"embeddable":true,"href":"https:\/\/www.editiespecialapress.ro\/newtest\/wp-json\/"}],"wp:attachment":[{"href":"https:\/\/www.editiespecialapress.ro\/newtest\/wp-json\/wp\/v2\/media?parent=6708"}],"wp:term":[{"taxonomy":"category","embeddable":true,"href":"https:\/\/www.editiespecialapress.ro\/newtest\/wp-json\/wp\/v2\/categories?post=6708"},{"taxonomy":"post_tag","embeddable":true,"href":"https:\/\/www.editiespecialapress.ro\/newtest\/wp-json\/wp\/v2\/tags?post=6708"}],"curies":[{"name":"wp","href":"https:\/\/api.w.org\/{rel}","templated":true}]}}