{"id":6753,"date":"2020-06-29T10:13:48","date_gmt":"2020-06-29T07:13:48","guid":{"rendered":"http:\/\/www.editiespecialapress.ro\/?p=6753"},"modified":"2020-06-29T10:13:48","modified_gmt":"2020-06-29T07:13:48","slug":"la-multi-ani-de-sfantul-petru-si-pavel-editie-speciala-press-2","status":"publish","type":"post","link":"https:\/\/www.editiespecialapress.ro\/newtest\/2020\/06\/29\/la-multi-ani-de-sfantul-petru-si-pavel-editie-speciala-press-2\/","title":{"rendered":"LA MUL\u021aI ANI DE SF\u00c2NTUL PETRU \u0218I PAVEL! &#8211; Edi\u021bie Special\u0103 Press"},"content":{"rendered":"<p>\u00cen zi sf\u00e2nt\u0103 de s\u0103rb\u0103toare, le ur\u0103m tuturor ce poart\u0103 numele Sfin\u021bilor Apostoli Petru \u0219i Pavel, mult\u0103 lini\u0219te sufleteasc\u0103, noroc, nenum\u0103rate bucurii \u0219i s\u0103n\u0103tate! Fie ca Dumnezeu s\u0103 decoreze fiecare raz\u0103 de soare care ajunge la voi cu succes, fericire \u0219i prosperitate! Sfin\u021bii Petru \u0219i Pavel s\u0103 v\u0103 c\u0103l\u0103uzeasc\u0103 la fiecare pas al vie\u021bii voastre! La mul\u021bi ani<\/p>\n<p style=\"text-align: right;\"><strong>Edi\u021bie Special\u0103 Press,<\/strong><\/p>\n<p style=\"text-align: right;\"><strong>Director Iulian Ratea \u00eempreun\u0103 cu toat\u0103 redac\u021bia<\/strong><\/p>\n","protected":false},"excerpt":{"rendered":"<p>\u00cen zi sf\u00e2nt\u0103 de s\u0103rb\u0103toare, le ur\u0103m tuturor ce poart\u0103 numele Sfin\u021bilor Apostoli Petru \u0219i Pavel, mult\u0103 lini\u0219te sufleteasc\u0103, noroc, nenum\u0103rate bucurii \u0219i s\u0103n\u0103tate! Fie ca Dumnezeu s\u0103 decoreze fiecare raz\u0103 de soare care ajunge la voi cu succes, fericire \u0219i prosperitate! Sfin\u021bii Petru \u0219i Pavel s\u0103 v\u0103 c\u0103l\u0103uzeasc\u0103 la fiecare pas al vie\u021bii voastre! [&hellip;]<\/p>\n","protected":false},"author":2,"featured_media":6754,"comment_status":"closed","ping_status":"open","sticky":false,"template":"","format":"standard","meta":{"footnotes":""},"categories":[4],"tags":[],"class_list":{"0":"post-6753","1":"post","2":"type-post","3":"status-publish","4":"format-standard","5":"has-post-thumbnail","7":"category-felicitari"},"_links":{"self":[{"href":"https:\/\/www.editiespecialapress.ro\/newtest\/wp-json\/wp\/v2\/posts\/6753","targetHints":{"allow":["GET"]}}],"collection":[{"href":"https:\/\/www.editiespecialapress.ro\/newtest\/wp-json\/wp\/v2\/posts"}],"about":[{"href":"https:\/\/www.editiespecialapress.ro\/newtest\/wp-json\/wp\/v2\/types\/post"}],"author":[{"embeddable":true,"href":"https:\/\/www.editiespecialapress.ro\/newtest\/wp-json\/wp\/v2\/users\/2"}],"replies":[{"embeddable":true,"href":"https:\/\/www.editiespecialapress.ro\/newtest\/wp-json\/wp\/v2\/comments?post=6753"}],"version-history":[{"count":0,"href":"https:\/\/www.editiespecialapress.ro\/newtest\/wp-json\/wp\/v2\/posts\/6753\/revisions"}],"wp:featuredmedia":[{"embeddable":true,"href":"https:\/\/www.editiespecialapress.ro\/newtest\/wp-json\/"}],"wp:attachment":[{"href":"https:\/\/www.editiespecialapress.ro\/newtest\/wp-json\/wp\/v2\/media?parent=6753"}],"wp:term":[{"taxonomy":"category","embeddable":true,"href":"https:\/\/www.editiespecialapress.ro\/newtest\/wp-json\/wp\/v2\/categories?post=6753"},{"taxonomy":"post_tag","embeddable":true,"href":"https:\/\/www.editiespecialapress.ro\/newtest\/wp-json\/wp\/v2\/tags?post=6753"}],"curies":[{"name":"wp","href":"https:\/\/api.w.org\/{rel}","templated":true}]}}