{"id":6798,"date":"2020-07-20T00:58:15","date_gmt":"2020-07-19T21:58:15","guid":{"rendered":"http:\/\/www.editiespecialapress.ro\/?p=6798"},"modified":"2020-07-20T00:58:15","modified_gmt":"2020-07-19T21:58:15","slug":"la-multi-ani-de-sfantul-ilie-primaria-ungheni","status":"publish","type":"post","link":"https:\/\/www.editiespecialapress.ro\/newtest\/2020\/07\/20\/la-multi-ani-de-sfantul-ilie-primaria-ungheni\/","title":{"rendered":"LA MUL\u021aI ANI DE SF\u00c2NTUL ILIE! &#8211; PRIM\u0102RIA UNGHENI"},"content":{"rendered":"<p>Azi c\u00e2nd \u00eel s\u0103rb\u0103torim pe Sf\u00e2ntul Proroc Ilie, cel mai mare f\u0103c\u0103tor de minuni \u0219i aduc\u0103tor de ploi \u00een vreme de secet\u0103, v\u0103 dorim s\u0103 \u00eenvinge\u021bi orice furtun\u0103 \u0219i s\u0103 ave\u021bi \u00een via\u021b\u0103 numai cer senin! Fie ca Sf\u00e2ntul Ilie pe care \u00eel reprezenta\u021bi s\u0103-\u0219i coboare ochii asupra voastr\u0103 \u0219i s\u0103 v\u0103 d\u0103ruiasc\u0103 fericirea dorit\u0103 \u0219i lini\u0219tea interioar\u0103. Bucura\u021bi-v\u0103 de adev\u0103rata semnifica\u0163ie a acestei s\u0103rb\u0103tori al\u0103turi de to\u0163i cei pe care \u00eei iubi\u021bi! La mul\u021bi ani!<\/p>\n<p style=\"text-align: right;\"><strong><em>Prim\u0103ria Ungheni AG,<\/em><\/strong><\/p>\n<p style=\"text-align: right;\"><strong><em>Primar Miu Iulian,\u00a0 \u00eempreun\u0103 cu angaja\u021bii Prim\u0103riei \u0219i Consiliul Local<\/em><\/strong><\/p>\n<p>&nbsp;<\/p>\n","protected":false},"excerpt":{"rendered":"<p>Azi c\u00e2nd \u00eel s\u0103rb\u0103torim pe Sf\u00e2ntul Proroc Ilie, cel mai mare f\u0103c\u0103tor de minuni \u0219i aduc\u0103tor de ploi \u00een vreme de secet\u0103, v\u0103 dorim s\u0103 \u00eenvinge\u021bi orice furtun\u0103 \u0219i s\u0103 ave\u021bi \u00een via\u021b\u0103 numai cer senin! Fie ca Sf\u00e2ntul Ilie pe care \u00eel reprezenta\u021bi s\u0103-\u0219i coboare ochii asupra voastr\u0103 \u0219i s\u0103 v\u0103 d\u0103ruiasc\u0103 fericirea dorit\u0103 [&hellip;]<\/p>\n","protected":false},"author":2,"featured_media":6799,"comment_status":"closed","ping_status":"open","sticky":false,"template":"","format":"standard","meta":{"footnotes":""},"categories":[4],"tags":[],"class_list":{"0":"post-6798","1":"post","2":"type-post","3":"status-publish","4":"format-standard","5":"has-post-thumbnail","7":"category-felicitari"},"_links":{"self":[{"href":"https:\/\/www.editiespecialapress.ro\/newtest\/wp-json\/wp\/v2\/posts\/6798","targetHints":{"allow":["GET"]}}],"collection":[{"href":"https:\/\/www.editiespecialapress.ro\/newtest\/wp-json\/wp\/v2\/posts"}],"about":[{"href":"https:\/\/www.editiespecialapress.ro\/newtest\/wp-json\/wp\/v2\/types\/post"}],"author":[{"embeddable":true,"href":"https:\/\/www.editiespecialapress.ro\/newtest\/wp-json\/wp\/v2\/users\/2"}],"replies":[{"embeddable":true,"href":"https:\/\/www.editiespecialapress.ro\/newtest\/wp-json\/wp\/v2\/comments?post=6798"}],"version-history":[{"count":0,"href":"https:\/\/www.editiespecialapress.ro\/newtest\/wp-json\/wp\/v2\/posts\/6798\/revisions"}],"wp:featuredmedia":[{"embeddable":true,"href":"https:\/\/www.editiespecialapress.ro\/newtest\/wp-json\/"}],"wp:attachment":[{"href":"https:\/\/www.editiespecialapress.ro\/newtest\/wp-json\/wp\/v2\/media?parent=6798"}],"wp:term":[{"taxonomy":"category","embeddable":true,"href":"https:\/\/www.editiespecialapress.ro\/newtest\/wp-json\/wp\/v2\/categories?post=6798"},{"taxonomy":"post_tag","embeddable":true,"href":"https:\/\/www.editiespecialapress.ro\/newtest\/wp-json\/wp\/v2\/tags?post=6798"}],"curies":[{"name":"wp","href":"https:\/\/api.w.org\/{rel}","templated":true}]}}