{"id":6823,"date":"2020-08-10T11:40:54","date_gmt":"2020-08-10T08:40:54","guid":{"rendered":"http:\/\/www.editiespecialapress.ro\/?p=6823"},"modified":"2020-08-10T11:40:54","modified_gmt":"2020-08-10T08:40:54","slug":"la-multi-ani-de-sf-maria-primaria-vedea","status":"publish","type":"post","link":"https:\/\/www.editiespecialapress.ro\/newtest\/2020\/08\/10\/la-multi-ani-de-sf-maria-primaria-vedea\/","title":{"rendered":"LA MUL\u021aI ANI DE SF. MARIA! &#8211; PRIM\u0102RIA VEDEA"},"content":{"rendered":"<p>Ast\u0103zi este ziua numelui vostru, un nume simplu \u0219i frumos, la fel de pur \u0219i ginga\u0219 ca voi. V\u0103 dorim numai bine \u0219i s\u0103 ave\u021bi parte de toat\u0103 fericirea din lume. Fie ca Sf\u00eenta Maria al c\u0103rui nume \u00eel\u00a0purta\u021bi, s\u0103 v\u0103 ocroteasc\u0103, s\u0103 v\u0103 c\u0103l\u0103uzeasc\u0103 pa\u0219ii \u0219i s\u0103 v\u0103 lumineze calea. S\u0103 ave\u021bi parte de tot ce \u00eei mai drag \u0219i mai frumos \u00een lume, s\u0103 va bucura\u021bi de fiecare zi plini de energie \u0219i s\u0103n\u0103to\u0219i! La mul\u021bi ani!<\/p>\n<p style=\"text-align: right;\"><em><strong><span id=\"yui_3_16_0_ym19_1_1482136924624_4467\">Prim\u0103ria VEDEA &#8211; Arge\u0219,<\/span><\/strong><\/em><\/p>\n<p style=\"text-align: right;\"><em><strong><span id=\"yui_3_16_0_ym19_1_1482136924624_4467\">Primar Dochinoiu Nicolae,<\/span>\u00a0\u00a0<span id=\"yui_3_16_0_ym19_1_1482136924624_4469\">\u00eempreun\u0103 cu angaja\u021bii prim\u0103riei \u0219i Consiliul Local<\/span><\/strong><\/em><\/p>\n","protected":false},"excerpt":{"rendered":"<p>Ast\u0103zi este ziua numelui vostru, un nume simplu \u0219i frumos, la fel de pur \u0219i ginga\u0219 ca voi. V\u0103 dorim numai bine \u0219i s\u0103 ave\u021bi parte de toat\u0103 fericirea din lume. Fie ca Sf\u00eenta Maria al c\u0103rui nume \u00eel\u00a0purta\u021bi, s\u0103 v\u0103 ocroteasc\u0103, s\u0103 v\u0103 c\u0103l\u0103uzeasc\u0103 pa\u0219ii \u0219i s\u0103 v\u0103 lumineze calea. S\u0103 ave\u021bi parte de [&hellip;]<\/p>\n","protected":false},"author":2,"featured_media":6832,"comment_status":"closed","ping_status":"open","sticky":false,"template":"","format":"standard","meta":{"footnotes":""},"categories":[4],"tags":[],"class_list":{"0":"post-6823","1":"post","2":"type-post","3":"status-publish","4":"format-standard","5":"has-post-thumbnail","7":"category-felicitari"},"_links":{"self":[{"href":"https:\/\/www.editiespecialapress.ro\/newtest\/wp-json\/wp\/v2\/posts\/6823","targetHints":{"allow":["GET"]}}],"collection":[{"href":"https:\/\/www.editiespecialapress.ro\/newtest\/wp-json\/wp\/v2\/posts"}],"about":[{"href":"https:\/\/www.editiespecialapress.ro\/newtest\/wp-json\/wp\/v2\/types\/post"}],"author":[{"embeddable":true,"href":"https:\/\/www.editiespecialapress.ro\/newtest\/wp-json\/wp\/v2\/users\/2"}],"replies":[{"embeddable":true,"href":"https:\/\/www.editiespecialapress.ro\/newtest\/wp-json\/wp\/v2\/comments?post=6823"}],"version-history":[{"count":0,"href":"https:\/\/www.editiespecialapress.ro\/newtest\/wp-json\/wp\/v2\/posts\/6823\/revisions"}],"wp:featuredmedia":[{"embeddable":true,"href":"https:\/\/www.editiespecialapress.ro\/newtest\/wp-json\/"}],"wp:attachment":[{"href":"https:\/\/www.editiespecialapress.ro\/newtest\/wp-json\/wp\/v2\/media?parent=6823"}],"wp:term":[{"taxonomy":"category","embeddable":true,"href":"https:\/\/www.editiespecialapress.ro\/newtest\/wp-json\/wp\/v2\/categories?post=6823"},{"taxonomy":"post_tag","embeddable":true,"href":"https:\/\/www.editiespecialapress.ro\/newtest\/wp-json\/wp\/v2\/tags?post=6823"}],"curies":[{"name":"wp","href":"https:\/\/api.w.org\/{rel}","templated":true}]}}