{"id":6834,"date":"2020-08-10T11:42:54","date_gmt":"2020-08-10T08:42:54","guid":{"rendered":"http:\/\/www.editiespecialapress.ro\/?p=6834"},"modified":"2020-08-10T11:42:54","modified_gmt":"2020-08-10T08:42:54","slug":"la-multi-ani-de-sf-maria-primaria-rociu","status":"publish","type":"post","link":"https:\/\/www.editiespecialapress.ro\/newtest\/2020\/08\/10\/la-multi-ani-de-sf-maria-primaria-rociu\/","title":{"rendered":"LA MUL\u021aI ANI DE SF. MARIA! &#8211; PRIM\u0102RIA ROCIU"},"content":{"rendered":"<p>De Sf\u00e2nta Maria, zi de mare s\u0103rb\u0103toare, primi\u021bi din partea noastr\u0103 cele mai sincere ur\u00e2ri de bine, s\u0103n\u0103tate, mult noroc si \u00eemplinirea tuturor dorin\u021belor. \u00cen aceast\u0103 zi special\u0103, toate \u00eent\u00e2mpl\u0103rile frumoase s\u0103 v\u0103 \u00eenso\u0163easc\u0103 pretutindeni. V\u0103 dorim o zi de Sf\u00e2nta Maria c\u00e2t mai frumoas\u0103! S\u0103 se r\u0103sfr\u00e2ng\u0103 asupra voastr\u0103 toata bun\u0103tatea si dragostea izvor\u00e2te dintr-o inima mare. Fecioara Maria s\u0103 v\u0103 c\u0103l\u0103uzeasc\u0103 mereu \u015fi s\u0103 v\u0103 ajute s\u0103 \u00eenvinge\u021bi orice obstacol din via\u0163a voastr\u0103. S\u0103 ave\u021bi parte numai de zile senine \u015fi \u00eensorite! La mul\u0163i ani!<\/p>\n<p style=\"text-align: right;\"><em><strong><span id=\"yui_3_16_0_ym19_1_1482136924624_4467\">Prim\u0103ria ROCIU &#8211; Arge\u0219,<\/span><\/strong><\/em><\/p>\n<p style=\"text-align: right;\"><em><strong><span id=\"yui_3_16_0_ym19_1_1482136924624_4467\">Primar B\u0103l\u0103\u015foiu Aurel,<\/span>\u00a0\u00a0<span id=\"yui_3_16_0_ym19_1_1482136924624_4469\">\u00eempreun\u0103 cu angaja\u021bii prim\u0103riei \u0219i Consiliul Local<\/span><\/strong><\/em><\/p>\n","protected":false},"excerpt":{"rendered":"<p>De Sf\u00e2nta Maria, zi de mare s\u0103rb\u0103toare, primi\u021bi din partea noastr\u0103 cele mai sincere ur\u00e2ri de bine, s\u0103n\u0103tate, mult noroc si \u00eemplinirea tuturor dorin\u021belor. \u00cen aceast\u0103 zi special\u0103, toate \u00eent\u00e2mpl\u0103rile frumoase s\u0103 v\u0103 \u00eenso\u0163easc\u0103 pretutindeni. V\u0103 dorim o zi de Sf\u00e2nta Maria c\u00e2t mai frumoas\u0103! S\u0103 se r\u0103sfr\u00e2ng\u0103 asupra voastr\u0103 toata bun\u0103tatea si dragostea izvor\u00e2te [&hellip;]<\/p>\n","protected":false},"author":2,"featured_media":6830,"comment_status":"closed","ping_status":"open","sticky":false,"template":"","format":"standard","meta":{"footnotes":""},"categories":[4],"tags":[],"class_list":{"0":"post-6834","1":"post","2":"type-post","3":"status-publish","4":"format-standard","5":"has-post-thumbnail","7":"category-felicitari"},"_links":{"self":[{"href":"https:\/\/www.editiespecialapress.ro\/newtest\/wp-json\/wp\/v2\/posts\/6834","targetHints":{"allow":["GET"]}}],"collection":[{"href":"https:\/\/www.editiespecialapress.ro\/newtest\/wp-json\/wp\/v2\/posts"}],"about":[{"href":"https:\/\/www.editiespecialapress.ro\/newtest\/wp-json\/wp\/v2\/types\/post"}],"author":[{"embeddable":true,"href":"https:\/\/www.editiespecialapress.ro\/newtest\/wp-json\/wp\/v2\/users\/2"}],"replies":[{"embeddable":true,"href":"https:\/\/www.editiespecialapress.ro\/newtest\/wp-json\/wp\/v2\/comments?post=6834"}],"version-history":[{"count":0,"href":"https:\/\/www.editiespecialapress.ro\/newtest\/wp-json\/wp\/v2\/posts\/6834\/revisions"}],"wp:featuredmedia":[{"embeddable":true,"href":"https:\/\/www.editiespecialapress.ro\/newtest\/wp-json\/"}],"wp:attachment":[{"href":"https:\/\/www.editiespecialapress.ro\/newtest\/wp-json\/wp\/v2\/media?parent=6834"}],"wp:term":[{"taxonomy":"category","embeddable":true,"href":"https:\/\/www.editiespecialapress.ro\/newtest\/wp-json\/wp\/v2\/categories?post=6834"},{"taxonomy":"post_tag","embeddable":true,"href":"https:\/\/www.editiespecialapress.ro\/newtest\/wp-json\/wp\/v2\/tags?post=6834"}],"curies":[{"name":"wp","href":"https:\/\/api.w.org\/{rel}","templated":true}]}}