{"id":6842,"date":"2020-08-10T15:31:46","date_gmt":"2020-08-10T12:31:46","guid":{"rendered":"http:\/\/www.editiespecialapress.ro\/?p=6842"},"modified":"2020-08-10T15:31:46","modified_gmt":"2020-08-10T12:31:46","slug":"la-multi-ani-de-sf-maria-primaria-titesti","status":"publish","type":"post","link":"https:\/\/www.editiespecialapress.ro\/newtest\/2020\/08\/10\/la-multi-ani-de-sf-maria-primaria-titesti\/","title":{"rendered":"LA MUL\u021aI ANI DE SF. MARIA! &#8211; PRIM\u0102RIA \u021aI\u021aE\u0218TI"},"content":{"rendered":"<p>De Sf\u00e2nta Maria o zi c\u00e2nd sufletul \u00eenvinge orice urm\u0103 de triste\u021be, c\u00e2nd tot ce a fost greu vi se pare u\u0219or v\u0103 dorim ca toate \u00eent\u00e2mpl\u0103rile frumoase si spiritul acestei zile s\u0103 v\u0103 \u00eenso\u021beasc\u0103 pretutindeni. Este ziua numelui vostru! S\u0103 ave\u021bi o zi de Sf\u00e2nta Maria c\u00e2t mai frumoas\u0103 \u0219i fericit\u0103 al\u0103turi de cei dragi \u0219i de cei pe care \u00eei iubi\u021bi! V\u0103 dorim s\u0103 vi se \u00eendeplineasc\u0103 toate dorin\u021bele! La multi ani!<\/p>\n<p style=\"text-align: right;\"><strong>Prim\u0103ria \u021aI\u021aE\u0218TI &#8211; Arge\u0219,<\/strong><\/p>\n<p style=\"text-align: right;\"><strong>Primar Savu Gheorghe, \u00eempreun\u0103 cu angaja\u021bii prim\u0103riei \u0219i Consiliul Local<\/strong><\/p>\n","protected":false},"excerpt":{"rendered":"<p>De Sf\u00e2nta Maria o zi c\u00e2nd sufletul \u00eenvinge orice urm\u0103 de triste\u021be, c\u00e2nd tot ce a fost greu vi se pare u\u0219or v\u0103 dorim ca toate \u00eent\u00e2mpl\u0103rile frumoase si spiritul acestei zile s\u0103 v\u0103 \u00eenso\u021beasc\u0103 pretutindeni. Este ziua numelui vostru! S\u0103 ave\u021bi o zi de Sf\u00e2nta Maria c\u00e2t mai frumoas\u0103 \u0219i fericit\u0103 al\u0103turi de cei [&hellip;]<\/p>\n","protected":false},"author":2,"featured_media":6826,"comment_status":"closed","ping_status":"open","sticky":false,"template":"","format":"standard","meta":{"footnotes":""},"categories":[4],"tags":[],"class_list":{"0":"post-6842","1":"post","2":"type-post","3":"status-publish","4":"format-standard","5":"has-post-thumbnail","7":"category-felicitari"},"_links":{"self":[{"href":"https:\/\/www.editiespecialapress.ro\/newtest\/wp-json\/wp\/v2\/posts\/6842","targetHints":{"allow":["GET"]}}],"collection":[{"href":"https:\/\/www.editiespecialapress.ro\/newtest\/wp-json\/wp\/v2\/posts"}],"about":[{"href":"https:\/\/www.editiespecialapress.ro\/newtest\/wp-json\/wp\/v2\/types\/post"}],"author":[{"embeddable":true,"href":"https:\/\/www.editiespecialapress.ro\/newtest\/wp-json\/wp\/v2\/users\/2"}],"replies":[{"embeddable":true,"href":"https:\/\/www.editiespecialapress.ro\/newtest\/wp-json\/wp\/v2\/comments?post=6842"}],"version-history":[{"count":0,"href":"https:\/\/www.editiespecialapress.ro\/newtest\/wp-json\/wp\/v2\/posts\/6842\/revisions"}],"wp:featuredmedia":[{"embeddable":true,"href":"https:\/\/www.editiespecialapress.ro\/newtest\/wp-json\/"}],"wp:attachment":[{"href":"https:\/\/www.editiespecialapress.ro\/newtest\/wp-json\/wp\/v2\/media?parent=6842"}],"wp:term":[{"taxonomy":"category","embeddable":true,"href":"https:\/\/www.editiespecialapress.ro\/newtest\/wp-json\/wp\/v2\/categories?post=6842"},{"taxonomy":"post_tag","embeddable":true,"href":"https:\/\/www.editiespecialapress.ro\/newtest\/wp-json\/wp\/v2\/tags?post=6842"}],"curies":[{"name":"wp","href":"https:\/\/api.w.org\/{rel}","templated":true}]}}