{"id":6844,"date":"2020-08-10T15:35:27","date_gmt":"2020-08-10T12:35:27","guid":{"rendered":"http:\/\/www.editiespecialapress.ro\/?p=6844"},"modified":"2020-08-10T15:35:27","modified_gmt":"2020-08-10T12:35:27","slug":"la-multi-ani-de-sf-maria-primaria-mosoaia","status":"publish","type":"post","link":"https:\/\/www.editiespecialapress.ro\/newtest\/2020\/08\/10\/la-multi-ani-de-sf-maria-primaria-mosoaia\/","title":{"rendered":"LA MUL\u021aI ANI DE SF. MARIA! &#8211; PRIM\u0102RIA MO\u0218OAIA"},"content":{"rendered":"<p>La mul\u021bi ani \u0219i mult noroc \u00een aceast\u0103 zi special\u0103. V\u0103 dorim s\u0103 vi se \u00eendeplineasc\u0103 toate dorin\u021bele. S\u0103n\u0103tate \u0219i numai bucurii cu ocazia zilei de nume, o zi a numelui la fel de luminoas\u0103 precum aripile unui fluture, la fel de fericit\u0103 precum c\u00e2ntecul privighetorii \u015fi la fel de frumoas\u0103 precum o gr\u0103din\u0103 plin\u0103 cu flori, o zi c\u00e2nd sufletul vostru trebuie s\u0103 \u00eenving\u0103 orice urm\u0103 de triste\u0163e \u015fi s\u0103 fie deschis pentru a primi cele mai frumoase momente. La mul\u021bi ani!<\/p>\n<p style=\"text-align: right;\"><strong>Prim\u0103ria MO\u0218OAIA &#8211; Arge\u0219,<\/strong><\/p>\n<p style=\"text-align: right;\"><strong>Primar Nicula Ion<\/strong><\/p>\n","protected":false},"excerpt":{"rendered":"<p>La mul\u021bi ani \u0219i mult noroc \u00een aceast\u0103 zi special\u0103. V\u0103 dorim s\u0103 vi se \u00eendeplineasc\u0103 toate dorin\u021bele. S\u0103n\u0103tate \u0219i numai bucurii cu ocazia zilei de nume, o zi a numelui la fel de luminoas\u0103 precum aripile unui fluture, la fel de fericit\u0103 precum c\u00e2ntecul privighetorii \u015fi la fel de frumoas\u0103 precum o gr\u0103din\u0103 plin\u0103 [&hellip;]<\/p>\n","protected":false},"author":2,"featured_media":6824,"comment_status":"closed","ping_status":"open","sticky":false,"template":"","format":"standard","meta":{"footnotes":""},"categories":[4],"tags":[],"class_list":{"0":"post-6844","1":"post","2":"type-post","3":"status-publish","4":"format-standard","5":"has-post-thumbnail","7":"category-felicitari"},"_links":{"self":[{"href":"https:\/\/www.editiespecialapress.ro\/newtest\/wp-json\/wp\/v2\/posts\/6844","targetHints":{"allow":["GET"]}}],"collection":[{"href":"https:\/\/www.editiespecialapress.ro\/newtest\/wp-json\/wp\/v2\/posts"}],"about":[{"href":"https:\/\/www.editiespecialapress.ro\/newtest\/wp-json\/wp\/v2\/types\/post"}],"author":[{"embeddable":true,"href":"https:\/\/www.editiespecialapress.ro\/newtest\/wp-json\/wp\/v2\/users\/2"}],"replies":[{"embeddable":true,"href":"https:\/\/www.editiespecialapress.ro\/newtest\/wp-json\/wp\/v2\/comments?post=6844"}],"version-history":[{"count":0,"href":"https:\/\/www.editiespecialapress.ro\/newtest\/wp-json\/wp\/v2\/posts\/6844\/revisions"}],"wp:featuredmedia":[{"embeddable":true,"href":"https:\/\/www.editiespecialapress.ro\/newtest\/wp-json\/"}],"wp:attachment":[{"href":"https:\/\/www.editiespecialapress.ro\/newtest\/wp-json\/wp\/v2\/media?parent=6844"}],"wp:term":[{"taxonomy":"category","embeddable":true,"href":"https:\/\/www.editiespecialapress.ro\/newtest\/wp-json\/wp\/v2\/categories?post=6844"},{"taxonomy":"post_tag","embeddable":true,"href":"https:\/\/www.editiespecialapress.ro\/newtest\/wp-json\/wp\/v2\/tags?post=6844"}],"curies":[{"name":"wp","href":"https:\/\/api.w.org\/{rel}","templated":true}]}}