{"id":6846,"date":"2020-08-10T15:38:18","date_gmt":"2020-08-10T12:38:18","guid":{"rendered":"http:\/\/www.editiespecialapress.ro\/?p=6846"},"modified":"2020-08-10T15:38:18","modified_gmt":"2020-08-10T12:38:18","slug":"la-multi-ani-de-sf-maria-editie-speciala-press","status":"publish","type":"post","link":"https:\/\/www.editiespecialapress.ro\/newtest\/2020\/08\/10\/la-multi-ani-de-sf-maria-editie-speciala-press\/","title":{"rendered":"LA MUL\u021aI ANI DE SF. MARIA! &#8211; EDI\u021aIE SPECIAL\u0102 PRESS"},"content":{"rendered":"<p>\u00cen zi sf\u00e2nt\u0103 de s\u0103rb\u0103toare, le ur\u0103m tuturor ce poart\u0103 numele Sfintei Marii, mult\u0103 lini\u0219te sufleteasc\u0103, noroc, nenum\u0103rate bucurii \u0219i s\u0103n\u0103tate! Fie ca Dumnezeu s\u0103 decoreze fiecare raz\u0103 de soare care ajunge la voi cu succes, fericire \u0219i prosperitate! \u00cen aceast\u0103 zi special\u0103, toate \u00eent\u00e2mpl\u0103rile frumoase s\u0103 v\u0103 \u00eenso\u0163easc\u0103 pretutindeni. V\u0103 dorim o zi de Sf\u00e2nta Maria c\u00e2t mai frumoas\u0103! S\u0103 se r\u0103sfr\u00e2ng\u0103 asupra voastr\u0103 toata bun\u0103tatea si dragostea izvor\u00e2te dintr-o inima mare. La mul\u021bi ani!<\/p>\n<p style=\"text-align: right;\"><strong>Edi\u021bie Special\u0103 Press,<\/strong><\/p>\n<p style=\"text-align: right;\"><strong>Director General Iulian Ratea \u00eempreun\u0103 cu \u00eentreaga redac\u021bie<\/strong><\/p>\n","protected":false},"excerpt":{"rendered":"<p>\u00cen zi sf\u00e2nt\u0103 de s\u0103rb\u0103toare, le ur\u0103m tuturor ce poart\u0103 numele Sfintei Marii, mult\u0103 lini\u0219te sufleteasc\u0103, noroc, nenum\u0103rate bucurii \u0219i s\u0103n\u0103tate! Fie ca Dumnezeu s\u0103 decoreze fiecare raz\u0103 de soare care ajunge la voi cu succes, fericire \u0219i prosperitate! \u00cen aceast\u0103 zi special\u0103, toate \u00eent\u00e2mpl\u0103rile frumoase s\u0103 v\u0103 \u00eenso\u0163easc\u0103 pretutindeni. V\u0103 dorim o zi de [&hellip;]<\/p>\n","protected":false},"author":2,"featured_media":6825,"comment_status":"closed","ping_status":"open","sticky":false,"template":"","format":"standard","meta":{"footnotes":""},"categories":[4],"tags":[],"class_list":{"0":"post-6846","1":"post","2":"type-post","3":"status-publish","4":"format-standard","5":"has-post-thumbnail","7":"category-felicitari"},"_links":{"self":[{"href":"https:\/\/www.editiespecialapress.ro\/newtest\/wp-json\/wp\/v2\/posts\/6846","targetHints":{"allow":["GET"]}}],"collection":[{"href":"https:\/\/www.editiespecialapress.ro\/newtest\/wp-json\/wp\/v2\/posts"}],"about":[{"href":"https:\/\/www.editiespecialapress.ro\/newtest\/wp-json\/wp\/v2\/types\/post"}],"author":[{"embeddable":true,"href":"https:\/\/www.editiespecialapress.ro\/newtest\/wp-json\/wp\/v2\/users\/2"}],"replies":[{"embeddable":true,"href":"https:\/\/www.editiespecialapress.ro\/newtest\/wp-json\/wp\/v2\/comments?post=6846"}],"version-history":[{"count":0,"href":"https:\/\/www.editiespecialapress.ro\/newtest\/wp-json\/wp\/v2\/posts\/6846\/revisions"}],"wp:featuredmedia":[{"embeddable":true,"href":"https:\/\/www.editiespecialapress.ro\/newtest\/wp-json\/"}],"wp:attachment":[{"href":"https:\/\/www.editiespecialapress.ro\/newtest\/wp-json\/wp\/v2\/media?parent=6846"}],"wp:term":[{"taxonomy":"category","embeddable":true,"href":"https:\/\/www.editiespecialapress.ro\/newtest\/wp-json\/wp\/v2\/categories?post=6846"},{"taxonomy":"post_tag","embeddable":true,"href":"https:\/\/www.editiespecialapress.ro\/newtest\/wp-json\/wp\/v2\/tags?post=6846"}],"curies":[{"name":"wp","href":"https:\/\/api.w.org\/{rel}","templated":true}]}}