{"id":6854,"date":"2020-08-11T13:47:18","date_gmt":"2020-08-11T10:47:18","guid":{"rendered":"http:\/\/www.editiespecialapress.ro\/?p=6854"},"modified":"2020-08-11T13:47:18","modified_gmt":"2020-08-11T10:47:18","slug":"la-multi-ani-de-sf-maria-primaria-valea-danului","status":"publish","type":"post","link":"https:\/\/www.editiespecialapress.ro\/newtest\/2020\/08\/11\/la-multi-ani-de-sf-maria-primaria-valea-danului\/","title":{"rendered":"LA MUL\u021aI ANI DE SF. MARIA! \u2013 PRIM\u0102RIA VALEA DANULUI"},"content":{"rendered":"<p>Cu ocazia s\u0103rb\u0103toririi numelui, un c\u0103lduros \u201ela mul\u021bi ani!\u201d, multe realiz\u0103ri \u0219i cele mai calde ur\u0103ri de bine, s\u0103n\u0103tate \u0219i fericire. V\u0103 dorim o via\u021b\u0103 frumoas\u0103 \u0219i \u00eemplinit\u0103 al\u0103turi de cei dragi. O s\u0103rb\u0103torim pe Fecioara Maria \u0219i v\u0103 s\u0103rb\u0103torim pe voi. S\u0103 r\u0103m\u00e2ne\u021bi mereu bl\u00e2nzi, buni \u0219i dr\u0103gu\u021bi cu to\u021bi cei din jurul vostru. Fie ca aceast\u0103 zi s\u0103 fie ziua care s\u0103 v\u0103 deschid\u0103 poarta c\u0103tre un viitor mai bun. LA MUL\u021aI ANI!<\/p>\n<p style=\"text-align: right;\"><strong>Prim\u0103ria VALEA DANULUI \u2013 Arge\u0219,<\/strong><\/p>\n<p style=\"text-align: right;\"><strong>Primar Preda Vasile, \u00eempreun\u0103 cu angaja\u021bii prim\u0103riei \u0219i Consiliul Local<\/strong><\/p>\n","protected":false},"excerpt":{"rendered":"<p>Cu ocazia s\u0103rb\u0103toririi numelui, un c\u0103lduros \u201ela mul\u021bi ani!\u201d, multe realiz\u0103ri \u0219i cele mai calde ur\u0103ri de bine, s\u0103n\u0103tate \u0219i fericire. V\u0103 dorim o via\u021b\u0103 frumoas\u0103 \u0219i \u00eemplinit\u0103 al\u0103turi de cei dragi. O s\u0103rb\u0103torim pe Fecioara Maria \u0219i v\u0103 s\u0103rb\u0103torim pe voi. S\u0103 r\u0103m\u00e2ne\u021bi mereu bl\u00e2nzi, buni \u0219i dr\u0103gu\u021bi cu to\u021bi cei din jurul vostru. [&hellip;]<\/p>\n","protected":false},"author":2,"featured_media":6856,"comment_status":"closed","ping_status":"open","sticky":false,"template":"","format":"standard","meta":{"footnotes":""},"categories":[4],"tags":[],"class_list":{"0":"post-6854","1":"post","2":"type-post","3":"status-publish","4":"format-standard","5":"has-post-thumbnail","7":"category-felicitari"},"_links":{"self":[{"href":"https:\/\/www.editiespecialapress.ro\/newtest\/wp-json\/wp\/v2\/posts\/6854","targetHints":{"allow":["GET"]}}],"collection":[{"href":"https:\/\/www.editiespecialapress.ro\/newtest\/wp-json\/wp\/v2\/posts"}],"about":[{"href":"https:\/\/www.editiespecialapress.ro\/newtest\/wp-json\/wp\/v2\/types\/post"}],"author":[{"embeddable":true,"href":"https:\/\/www.editiespecialapress.ro\/newtest\/wp-json\/wp\/v2\/users\/2"}],"replies":[{"embeddable":true,"href":"https:\/\/www.editiespecialapress.ro\/newtest\/wp-json\/wp\/v2\/comments?post=6854"}],"version-history":[{"count":0,"href":"https:\/\/www.editiespecialapress.ro\/newtest\/wp-json\/wp\/v2\/posts\/6854\/revisions"}],"wp:featuredmedia":[{"embeddable":true,"href":"https:\/\/www.editiespecialapress.ro\/newtest\/wp-json\/"}],"wp:attachment":[{"href":"https:\/\/www.editiespecialapress.ro\/newtest\/wp-json\/wp\/v2\/media?parent=6854"}],"wp:term":[{"taxonomy":"category","embeddable":true,"href":"https:\/\/www.editiespecialapress.ro\/newtest\/wp-json\/wp\/v2\/categories?post=6854"},{"taxonomy":"post_tag","embeddable":true,"href":"https:\/\/www.editiespecialapress.ro\/newtest\/wp-json\/wp\/v2\/tags?post=6854"}],"curies":[{"name":"wp","href":"https:\/\/api.w.org\/{rel}","templated":true}]}}