{"id":6858,"date":"2020-08-11T15:03:14","date_gmt":"2020-08-11T12:03:14","guid":{"rendered":"http:\/\/www.editiespecialapress.ro\/?p=6858"},"modified":"2020-08-11T15:03:14","modified_gmt":"2020-08-11T12:03:14","slug":"la-multi-ani-de-sf-maria-primarul-comunei-godeni","status":"publish","type":"post","link":"https:\/\/www.editiespecialapress.ro\/newtest\/2020\/08\/11\/la-multi-ani-de-sf-maria-primarul-comunei-godeni\/","title":{"rendered":"LA MUL\u021aI ANI DE SF. MARIA! \u2013 PRIMARUL COMUNEI GODENI"},"content":{"rendered":"<p>De ziua numelui vostru, v\u0103 dorim mult\u0103 s\u0103n\u0103tate \u0219i mult\u0103 fericire. S\u0103 ave\u021bi parte numai de zile senine \u015fi \u00eensorite. Cea\u00a0 mai frumoas\u0103 zi s\u0103 v\u0103 fie \u0219i s\u0103 v\u0103 bucura\u021bi de numele pe care \u00eel purta\u021bi. S\u0103 fi\u021bi mereu ferici\u021bi, iubi\u021bi si bucuro\u0219i. Sf\u00e2nta Maria\u00a0s\u0103 v\u0103 c\u0103l\u0103uzeasc\u0103 mereu \u015fi s\u0103 v\u0103 ajute s\u0103 \u00eenvinge\u021bi orice obstacol din via\u0163a voastr\u0103! Este o zi c\u00e2nd sufletul \u00eenvinge orice urm\u0103 de triste\u021be, c\u00e2nd tot ce a fost greu vi se pare u\u0219or. La mul\u021bi ani azi, \u00een zi de s\u0103rb\u0103toare!<\/p>\n<p style=\"text-align: right;\"><strong>Prim\u0103ria GODENI \u2013 Arge\u0219,<\/strong><\/p>\n<p style=\"text-align: right;\"><strong>Primar P\u0103dureanu Ion<\/strong><\/p>\n","protected":false},"excerpt":{"rendered":"<p>De ziua numelui vostru, v\u0103 dorim mult\u0103 s\u0103n\u0103tate \u0219i mult\u0103 fericire. S\u0103 ave\u021bi parte numai de zile senine \u015fi \u00eensorite. Cea\u00a0 mai frumoas\u0103 zi s\u0103 v\u0103 fie \u0219i s\u0103 v\u0103 bucura\u021bi de numele pe care \u00eel purta\u021bi. S\u0103 fi\u021bi mereu ferici\u021bi, iubi\u021bi si bucuro\u0219i. Sf\u00e2nta Maria\u00a0s\u0103 v\u0103 c\u0103l\u0103uzeasc\u0103 mereu \u015fi s\u0103 v\u0103 ajute s\u0103 \u00eenvinge\u021bi [&hellip;]<\/p>\n","protected":false},"author":2,"featured_media":6855,"comment_status":"closed","ping_status":"open","sticky":false,"template":"","format":"standard","meta":{"footnotes":""},"categories":[4],"tags":[],"class_list":{"0":"post-6858","1":"post","2":"type-post","3":"status-publish","4":"format-standard","5":"has-post-thumbnail","7":"category-felicitari"},"_links":{"self":[{"href":"https:\/\/www.editiespecialapress.ro\/newtest\/wp-json\/wp\/v2\/posts\/6858","targetHints":{"allow":["GET"]}}],"collection":[{"href":"https:\/\/www.editiespecialapress.ro\/newtest\/wp-json\/wp\/v2\/posts"}],"about":[{"href":"https:\/\/www.editiespecialapress.ro\/newtest\/wp-json\/wp\/v2\/types\/post"}],"author":[{"embeddable":true,"href":"https:\/\/www.editiespecialapress.ro\/newtest\/wp-json\/wp\/v2\/users\/2"}],"replies":[{"embeddable":true,"href":"https:\/\/www.editiespecialapress.ro\/newtest\/wp-json\/wp\/v2\/comments?post=6858"}],"version-history":[{"count":0,"href":"https:\/\/www.editiespecialapress.ro\/newtest\/wp-json\/wp\/v2\/posts\/6858\/revisions"}],"wp:featuredmedia":[{"embeddable":true,"href":"https:\/\/www.editiespecialapress.ro\/newtest\/wp-json\/"}],"wp:attachment":[{"href":"https:\/\/www.editiespecialapress.ro\/newtest\/wp-json\/wp\/v2\/media?parent=6858"}],"wp:term":[{"taxonomy":"category","embeddable":true,"href":"https:\/\/www.editiespecialapress.ro\/newtest\/wp-json\/wp\/v2\/categories?post=6858"},{"taxonomy":"post_tag","embeddable":true,"href":"https:\/\/www.editiespecialapress.ro\/newtest\/wp-json\/wp\/v2\/tags?post=6858"}],"curies":[{"name":"wp","href":"https:\/\/api.w.org\/{rel}","templated":true}]}}