{"id":6871,"date":"2020-08-14T15:53:08","date_gmt":"2020-08-14T12:53:08","guid":{"rendered":"http:\/\/www.editiespecialapress.ro\/?p=6871"},"modified":"2020-08-14T15:53:08","modified_gmt":"2020-08-14T12:53:08","slug":"la-multi-ani-de-sf-maria-primaria-barla","status":"publish","type":"post","link":"https:\/\/www.editiespecialapress.ro\/newtest\/2020\/08\/14\/la-multi-ani-de-sf-maria-primaria-barla\/","title":{"rendered":"LA MUL\u021aI ANI DE SF. MARIA! \u2013 PRIM\u0102RIA B\u00c2RLA"},"content":{"rendered":"<p>V\u0103 ur\u0103m s\u0103n\u0103tate pentru c\u0103 purta\u021bi acest nume \u0219i fie ca Sf\u00e2nta Maria pe care o reprezenta\u021bi, s\u0103-\u0219i coboare ochii asupra voastr\u0103 \u0219i s\u0103 v\u0103 d\u0103ruiasc\u0103 fericirea dorit\u0103 \u0219i lini\u0219tea interioar\u0103. Fie ca aceast\u0103 zi s\u0103 v\u0103 deschid\u0103 poarta unui viitor plin de succese, Dumnezeu s\u0103 v\u0103 dea un curcubeu la fiecare furtun\u0103, un z\u00e2mbet la fiecare lacrim\u0103, pace, \u00eempliniri \u0219i mult\u0103 iubire! LA MUL\u021aI ANI!<\/p>\n<p style=\"text-align: right;\"><em><strong>Prim\u0103ria B\u00c2RLA &#8211; Arge\u0219,<\/strong><\/em><\/p>\n<p style=\"text-align: right;\"><em><strong>Primar Voicu Gheorghe, \u00eempreun\u0103 cu angaja\u021bii prim\u0103riei \u0219i Consiliul Local<\/strong><\/em><\/p>\n","protected":false},"excerpt":{"rendered":"<p>V\u0103 ur\u0103m s\u0103n\u0103tate pentru c\u0103 purta\u021bi acest nume \u0219i fie ca Sf\u00e2nta Maria pe care o reprezenta\u021bi, s\u0103-\u0219i coboare ochii asupra voastr\u0103 \u0219i s\u0103 v\u0103 d\u0103ruiasc\u0103 fericirea dorit\u0103 \u0219i lini\u0219tea interioar\u0103. Fie ca aceast\u0103 zi s\u0103 v\u0103 deschid\u0103 poarta unui viitor plin de succese, Dumnezeu s\u0103 v\u0103 dea un curcubeu la fiecare furtun\u0103, un z\u00e2mbet [&hellip;]<\/p>\n","protected":false},"author":2,"featured_media":6872,"comment_status":"closed","ping_status":"open","sticky":false,"template":"","format":"standard","meta":{"footnotes":""},"categories":[4],"tags":[],"class_list":{"0":"post-6871","1":"post","2":"type-post","3":"status-publish","4":"format-standard","5":"has-post-thumbnail","7":"category-felicitari"},"_links":{"self":[{"href":"https:\/\/www.editiespecialapress.ro\/newtest\/wp-json\/wp\/v2\/posts\/6871","targetHints":{"allow":["GET"]}}],"collection":[{"href":"https:\/\/www.editiespecialapress.ro\/newtest\/wp-json\/wp\/v2\/posts"}],"about":[{"href":"https:\/\/www.editiespecialapress.ro\/newtest\/wp-json\/wp\/v2\/types\/post"}],"author":[{"embeddable":true,"href":"https:\/\/www.editiespecialapress.ro\/newtest\/wp-json\/wp\/v2\/users\/2"}],"replies":[{"embeddable":true,"href":"https:\/\/www.editiespecialapress.ro\/newtest\/wp-json\/wp\/v2\/comments?post=6871"}],"version-history":[{"count":0,"href":"https:\/\/www.editiespecialapress.ro\/newtest\/wp-json\/wp\/v2\/posts\/6871\/revisions"}],"wp:featuredmedia":[{"embeddable":true,"href":"https:\/\/www.editiespecialapress.ro\/newtest\/wp-json\/"}],"wp:attachment":[{"href":"https:\/\/www.editiespecialapress.ro\/newtest\/wp-json\/wp\/v2\/media?parent=6871"}],"wp:term":[{"taxonomy":"category","embeddable":true,"href":"https:\/\/www.editiespecialapress.ro\/newtest\/wp-json\/wp\/v2\/categories?post=6871"},{"taxonomy":"post_tag","embeddable":true,"href":"https:\/\/www.editiespecialapress.ro\/newtest\/wp-json\/wp\/v2\/tags?post=6871"}],"curies":[{"name":"wp","href":"https:\/\/api.w.org\/{rel}","templated":true}]}}