{"id":6928,"date":"2020-10-12T16:41:56","date_gmt":"2020-10-12T13:41:56","guid":{"rendered":"http:\/\/www.editiespecialapress.ro\/?p=6928"},"modified":"2020-10-12T16:41:56","modified_gmt":"2020-10-12T13:41:56","slug":"la-multi-ani-de-sf-parascheva-primaria-poiana-lacului","status":"publish","type":"post","link":"https:\/\/www.editiespecialapress.ro\/newtest\/2020\/10\/12\/la-multi-ani-de-sf-parascheva-primaria-poiana-lacului\/","title":{"rendered":"LA MUL\u021aI ANI DE SF. PARASCHEVA! &#8211; Prim\u0103ria Poiana Lacului"},"content":{"rendered":"<p>Sf\u00e2nta Cuvioas\u0103 Parascheva s\u0103 v\u0103 ocroteasc\u0103 \u0219i s\u0103 v\u0103 p\u0103zeasc\u0103 pe to\u021bi! S\u0103-\u0219i coboare ochii asupra voastr\u0103 \u0219i s\u0103 v\u0103 d\u0103ruiasc\u0103 fericirea dorit\u0103 \u0219i lini\u0219tea interioar\u0103. Fie ca aceast\u0103 zi s\u0103 v\u0103 deschid\u0103 poarta unui viitor plin de succese! O zi binecuv\u00e2ntat\u0103! Sf\u00e2nta Parascheva s\u0103 v\u0103 aduc\u0103 \u00een via\u021b\u0103 pace \u0219i lini\u0219te, iubire \u0219i s\u0103n\u0103tate, lumin\u0103 \u0219i bucurii, credin\u021b\u0103 \u0219i speran\u021b\u0103, \u00een\u021belegere \u0219i armonie! LA mul\u021bi ani! S\u0103 fi\u021bi binecuv\u00e2nta\u021bi.<\/p>\n<p style=\"text-align: right;\"><strong>Prim\u0103ria POIANA LACULUI \u2013 Arge\u0219,<\/strong><\/p>\n<p style=\"text-align: right;\"><strong>Primar Dumitrache Ion, \u00eempreun\u0103 cu angaja\u021bii prim\u0103riei \u0219i Consiliul Local<\/strong><\/p>\n","protected":false},"excerpt":{"rendered":"<p>Sf\u00e2nta Cuvioas\u0103 Parascheva s\u0103 v\u0103 ocroteasc\u0103 \u0219i s\u0103 v\u0103 p\u0103zeasc\u0103 pe to\u021bi! S\u0103-\u0219i coboare ochii asupra voastr\u0103 \u0219i s\u0103 v\u0103 d\u0103ruiasc\u0103 fericirea dorit\u0103 \u0219i lini\u0219tea interioar\u0103. Fie ca aceast\u0103 zi s\u0103 v\u0103 deschid\u0103 poarta unui viitor plin de succese! O zi binecuv\u00e2ntat\u0103! Sf\u00e2nta Parascheva s\u0103 v\u0103 aduc\u0103 \u00een via\u021b\u0103 pace \u0219i lini\u0219te, iubire \u0219i s\u0103n\u0103tate, [&hellip;]<\/p>\n","protected":false},"author":2,"featured_media":6930,"comment_status":"closed","ping_status":"open","sticky":false,"template":"","format":"standard","meta":{"footnotes":""},"categories":[4],"tags":[],"class_list":{"0":"post-6928","1":"post","2":"type-post","3":"status-publish","4":"format-standard","5":"has-post-thumbnail","7":"category-felicitari"},"_links":{"self":[{"href":"https:\/\/www.editiespecialapress.ro\/newtest\/wp-json\/wp\/v2\/posts\/6928","targetHints":{"allow":["GET"]}}],"collection":[{"href":"https:\/\/www.editiespecialapress.ro\/newtest\/wp-json\/wp\/v2\/posts"}],"about":[{"href":"https:\/\/www.editiespecialapress.ro\/newtest\/wp-json\/wp\/v2\/types\/post"}],"author":[{"embeddable":true,"href":"https:\/\/www.editiespecialapress.ro\/newtest\/wp-json\/wp\/v2\/users\/2"}],"replies":[{"embeddable":true,"href":"https:\/\/www.editiespecialapress.ro\/newtest\/wp-json\/wp\/v2\/comments?post=6928"}],"version-history":[{"count":0,"href":"https:\/\/www.editiespecialapress.ro\/newtest\/wp-json\/wp\/v2\/posts\/6928\/revisions"}],"wp:featuredmedia":[{"embeddable":true,"href":"https:\/\/www.editiespecialapress.ro\/newtest\/wp-json\/"}],"wp:attachment":[{"href":"https:\/\/www.editiespecialapress.ro\/newtest\/wp-json\/wp\/v2\/media?parent=6928"}],"wp:term":[{"taxonomy":"category","embeddable":true,"href":"https:\/\/www.editiespecialapress.ro\/newtest\/wp-json\/wp\/v2\/categories?post=6928"},{"taxonomy":"post_tag","embeddable":true,"href":"https:\/\/www.editiespecialapress.ro\/newtest\/wp-json\/wp\/v2\/tags?post=6928"}],"curies":[{"name":"wp","href":"https:\/\/api.w.org\/{rel}","templated":true}]}}