{"id":6932,"date":"2020-10-12T16:45:05","date_gmt":"2020-10-12T13:45:05","guid":{"rendered":"http:\/\/www.editiespecialapress.ro\/?p=6932"},"modified":"2020-10-12T16:45:05","modified_gmt":"2020-10-12T13:45:05","slug":"la-multi-ani-de-sf-parascheva-editie-speciala-press","status":"publish","type":"post","link":"https:\/\/www.editiespecialapress.ro\/newtest\/2020\/10\/12\/la-multi-ani-de-sf-parascheva-editie-speciala-press\/","title":{"rendered":"LA MUL\u021aI ANI DE SF. PARASCHEVA! &#8211; Edi\u021bie Special\u0103 Press"},"content":{"rendered":"<p>Precum Sf\u00e2nta Parascheva, v\u0103 dorim la fel \u0219i voi s\u0103 r\u0103zbate\u021bi din furtuna greut\u0103\u021bilor. De ziua numelui vostru, primi\u021bi din partea noastr\u0103 cele mai sincere ur\u0103ri de bine, s\u0103n\u0103tate, fericire, mult noroc \u0219i \u00eemplinirea tuturor dorin\u021belor! Sf\u00e2nta s\u0103rb\u0103toare a Sfintei Parascheva s\u0103 v\u0103 aduc\u0103 \u00een suflete \u0219i \u00een inimi pace \u0219i lini\u0219te! Aceast\u0103 zi sf\u00e2nt\u0103\u00a0ne ofer\u0103 prilejul s\u0103 v\u0103 ur\u0103m LA MUL\u021aI ANI FERICI\u021aI, statornic\u0103 \u0219i netulburat\u0103 vie\u021buire cre\u0219tin\u0103, cu s\u0103n\u0103tate, cu bucurii \u0219i cu n\u0103dejdea m\u00e2ntuirii! LA MUL\u021aI ANI!<\/p>\n<p style=\"text-align: right;\"><strong>Edi\u021bie Special\u0103 Press,<\/strong><\/p>\n<p style=\"text-align: right;\"><strong>Director General Iulian Ratea \u00eempreun\u0103 cu \u00eentreaga redac\u021bie<\/strong><\/p>\n","protected":false},"excerpt":{"rendered":"<p>Precum Sf\u00e2nta Parascheva, v\u0103 dorim la fel \u0219i voi s\u0103 r\u0103zbate\u021bi din furtuna greut\u0103\u021bilor. De ziua numelui vostru, primi\u021bi din partea noastr\u0103 cele mai sincere ur\u0103ri de bine, s\u0103n\u0103tate, fericire, mult noroc \u0219i \u00eemplinirea tuturor dorin\u021belor! Sf\u00e2nta s\u0103rb\u0103toare a Sfintei Parascheva s\u0103 v\u0103 aduc\u0103 \u00een suflete \u0219i \u00een inimi pace \u0219i lini\u0219te! Aceast\u0103 zi sf\u00e2nt\u0103\u00a0ne [&hellip;]<\/p>\n","protected":false},"author":2,"featured_media":6929,"comment_status":"closed","ping_status":"open","sticky":false,"template":"","format":"standard","meta":{"footnotes":""},"categories":[4],"tags":[],"class_list":{"0":"post-6932","1":"post","2":"type-post","3":"status-publish","4":"format-standard","5":"has-post-thumbnail","7":"category-felicitari"},"_links":{"self":[{"href":"https:\/\/www.editiespecialapress.ro\/newtest\/wp-json\/wp\/v2\/posts\/6932","targetHints":{"allow":["GET"]}}],"collection":[{"href":"https:\/\/www.editiespecialapress.ro\/newtest\/wp-json\/wp\/v2\/posts"}],"about":[{"href":"https:\/\/www.editiespecialapress.ro\/newtest\/wp-json\/wp\/v2\/types\/post"}],"author":[{"embeddable":true,"href":"https:\/\/www.editiespecialapress.ro\/newtest\/wp-json\/wp\/v2\/users\/2"}],"replies":[{"embeddable":true,"href":"https:\/\/www.editiespecialapress.ro\/newtest\/wp-json\/wp\/v2\/comments?post=6932"}],"version-history":[{"count":0,"href":"https:\/\/www.editiespecialapress.ro\/newtest\/wp-json\/wp\/v2\/posts\/6932\/revisions"}],"wp:featuredmedia":[{"embeddable":true,"href":"https:\/\/www.editiespecialapress.ro\/newtest\/wp-json\/"}],"wp:attachment":[{"href":"https:\/\/www.editiespecialapress.ro\/newtest\/wp-json\/wp\/v2\/media?parent=6932"}],"wp:term":[{"taxonomy":"category","embeddable":true,"href":"https:\/\/www.editiespecialapress.ro\/newtest\/wp-json\/wp\/v2\/categories?post=6932"},{"taxonomy":"post_tag","embeddable":true,"href":"https:\/\/www.editiespecialapress.ro\/newtest\/wp-json\/wp\/v2\/tags?post=6932"}],"curies":[{"name":"wp","href":"https:\/\/api.w.org\/{rel}","templated":true}]}}