{"id":119,"count":1,"description":"","link":"https:\/\/www.editiespecialapress.ro\/newtest\/tag\/parchetul-judecatoriei-targu-carbunesti\/","name":"Parchetul Judec\u0103toriei T\u00e2rgu-C\u0103rbune\u015fti","slug":"parchetul-judecatoriei-targu-carbunesti","taxonomy":"post_tag","meta":[],"_links":{"self":[{"href":"https:\/\/www.editiespecialapress.ro\/newtest\/wp-json\/wp\/v2\/tags\/119","targetHints":{"allow":["GET"]}}],"collection":[{"href":"https:\/\/www.editiespecialapress.ro\/newtest\/wp-json\/wp\/v2\/tags"}],"about":[{"href":"https:\/\/www.editiespecialapress.ro\/newtest\/wp-json\/wp\/v2\/taxonomies\/post_tag"}],"wp:post_type":[{"href":"https:\/\/www.editiespecialapress.ro\/newtest\/wp-json\/wp\/v2\/posts?tags=119"}],"curies":[{"name":"wp","href":"https:\/\/api.w.org\/{rel}","templated":true}]}}